{"id":10725,"date":"2026-02-02T20:09:51","date_gmt":"2026-02-02T19:09:51","guid":{"rendered":"https:\/\/aliber.org\/web\/?p=10725"},"modified":"2026-02-27T21:00:49","modified_gmt":"2026-02-27T20:00:49","slug":"dia-mundial-de-las-enfermedades-raras-aliber-2026","status":"publish","type":"post","link":"https:\/\/aliber.org\/web\/2026\/02\/02\/dia-mundial-de-las-enfermedades-raras-aliber-2026\/","title":{"rendered":"D\u00eda Mundial de las Enfermedades Raras ALIBER 2026"},"content":{"rendered":"<p><strong><span style=\"color: #000000;\">La Equidad no puede ser Rara<\/span><\/strong><\/p>\n<p><span style=\"color: #000000;\">Con motivo del D\u00eda Mundial de las Enfermedades Raras 2026,\u00a0<\/span><span style=\"color: #000000;\">ALIBER considera de gran relevancia resaltar que las <\/span><span style=\"color: #000000;\">enfermedades raras son un desaf\u00edo global que exige respuestas justas, solidarias y coordinadas, premisas <\/span><span style=\"color: #000000;\">que se contienen en el lema: La equidad no puede ser rara. <\/span><\/p>\n<p><span style=\"color: #000000;\">Desde esta iniciativa la Alianza desarroll\u00f3 un <strong>Dec\u00e1logo de prioridades<\/strong> que compartir\u00e1 punto a punto durante el mes de febrero desde la campa\u00f1a \u00abLa Equidad no puede ser Rara\u00bb; a partir de esto <\/span><span style=\"color: #000000;\">queremos invitarles a difundir estos importantes mensajes que trasladaremos durante el mes de febrero.<\/span><\/p>\n<p><span style=\"color: #000000;\">Esta acci\u00f3n de ALIBER pretende reafirmar que tras cada diagn\u00f3stico hay una persona y una familia que buscan ser escuchados, acompa\u00f1ados y tenidos en cuenta.<\/span><\/p>\n<p>&nbsp;<\/p>\n<p><img fetchpriority=\"high\" decoding=\"async\" class=\"aligncenter wp-image-10728 \" src=\"https:\/\/aliber.org\/web\/wp-content\/uploads\/2026\/02\/2026-5.png\" alt=\"\" width=\"558\" height=\"697\" srcset=\"https:\/\/aliber.org\/web\/wp-content\/uploads\/2026\/02\/2026-5.png 1080w, https:\/\/aliber.org\/web\/wp-content\/uploads\/2026\/02\/2026-5-240x300.png 240w, https:\/\/aliber.org\/web\/wp-content\/uploads\/2026\/02\/2026-5-819x1024.png 819w, https:\/\/aliber.org\/web\/wp-content\/uploads\/2026\/02\/2026-5-768x960.png 768w\" sizes=\"(max-width: 558px) 100vw, 558px\" \/><\/p>\n","protected":false},"excerpt":{"rendered":"<p>La Equidad no puede ser Rara Con motivo del D\u00eda Mundial de las Enfermedades Raras 2026,\u00a0ALIBER considera de gran relevancia resaltar que las enfermedades raras son un desaf\u00edo global que exige respuestas justas, solidarias y coordinadas, premisas que se contienen en el lema: La equidad no puede ser rara. Desde esta iniciativa la Alianza desarroll\u00f3<a href=\"https:\/\/aliber.org\/web\/2026\/02\/02\/dia-mundial-de-las-enfermedades-raras-aliber-2026\/\">[&#8230;]<\/a><\/p>\n","protected":false},"author":1,"featured_media":10728,"comment_status":"closed","ping_status":"closed","sticky":false,"template":"","format":"standard","meta":{"_exactmetrics_skip_tracking":false,"footnotes":""},"categories":[32,7],"tags":[],"class_list":["post-10725","post","type-post","status-publish","format-standard","has-post-thumbnail","hentry","category-diamundialeerr","category-socios"],"_links":{"self":[{"href":"https:\/\/aliber.org\/web\/wp-json\/wp\/v2\/posts\/10725","targetHints":{"allow":["GET"]}}],"collection":[{"href":"https:\/\/aliber.org\/web\/wp-json\/wp\/v2\/posts"}],"about":[{"href":"https:\/\/aliber.org\/web\/wp-json\/wp\/v2\/types\/post"}],"author":[{"embeddable":true,"href":"https:\/\/aliber.org\/web\/wp-json\/wp\/v2\/users\/1"}],"replies":[{"embeddable":true,"href":"https:\/\/aliber.org\/web\/wp-json\/wp\/v2\/comments?post=10725"}],"version-history":[{"count":1,"href":"https:\/\/aliber.org\/web\/wp-json\/wp\/v2\/posts\/10725\/revisions"}],"predecessor-version":[{"id":10729,"href":"https:\/\/aliber.org\/web\/wp-json\/wp\/v2\/posts\/10725\/revisions\/10729"}],"wp:featuredmedia":[{"embeddable":true,"href":"https:\/\/aliber.org\/web\/wp-json\/wp\/v2\/media\/10728"}],"wp:attachment":[{"href":"https:\/\/aliber.org\/web\/wp-json\/wp\/v2\/media?parent=10725"}],"wp:term":[{"taxonomy":"category","embeddable":true,"href":"https:\/\/aliber.org\/web\/wp-json\/wp\/v2\/categories?post=10725"},{"taxonomy":"post_tag","embeddable":true,"href":"https:\/\/aliber.org\/web\/wp-json\/wp\/v2\/tags?post=10725"}],"curies":[{"name":"wp","href":"https:\/\/api.w.org\/{rel}","templated":true}]}}