{"id":11279,"date":"2026-07-23T05:24:29","date_gmt":"2026-07-23T03:24:29","guid":{"rendered":"https:\/\/aliber.org\/web\/?p=11279"},"modified":"2026-07-23T05:28:52","modified_gmt":"2026-07-23T03:28:52","slug":"funhepa-y-aliber-demuestran-que-la-union-transforma-realidades-gracias-por-hacer-posible-un-antes-y-un-despues-para-las-enfermedades-raras-iberoamerica-y-honduras","status":"publish","type":"post","link":"https:\/\/aliber.org\/web\/2026\/07\/23\/funhepa-y-aliber-demuestran-que-la-union-transforma-realidades-gracias-por-hacer-posible-un-antes-y-un-despues-para-las-enfermedades-raras-iberoamerica-y-honduras\/","title":{"rendered":"FUNHEPA y ALIBER demuestran que la uni\u00f3n transforma realidades: gracias por hacer posible un antes y un despu\u00e9s para las enfermedades raras en Iberoam\u00e9rica y Honduras"},"content":{"rendered":"<p>Hay momentos que trascienden cualquier balance de resultados. Momentos que recuerdan por qu\u00e9 merece la pena seguir luchando. Lo vivido estos d\u00edas en Tegucigalpa ha sido uno de ellos.<\/p>\n<p>Desde ALIBER queremos expresar nuestro m\u00e1s profundo agradecimiento a FUNHEPA, a su extraordinario equipo humano, y a todas las personas, instituciones, profesionales, voluntarios y organizaciones que han hecho posible el V Foro de Alto Nivel, el XIII Congreso Iberoamericano de Enfermedades Raras y el III Congreso Internacional sobre Enfermedades Raras de Honduras.<\/p>\n<p>Hoy solo podemos decir una palabra: gracias. Gracias de coraz\u00f3n por demostrar que los sue\u00f1os pueden hacerse realidad cuando se construyen juntos.<\/p>\n<p>Durante estos d\u00edas hemos comprobado que el compromiso, la ilusi\u00f3n y el trabajo compartido son capaces de derribar fronteras y convertir un encuentro en un verdadero punto de inflexi\u00f3n para las enfermedades raras en Iberoam\u00e9rica. Cada ponencia, cada reuni\u00f3n, cada conversaci\u00f3n y cada gesto de colaboraci\u00f3n han contribuido a fortalecer una red que seguir\u00e1 trabajando unida para defender los derechos de los 47 millones de personas que conviven con enfermedades raras o est\u00e1n en b\u00fasqueda de un diagn\u00f3stico en nuestra regi\u00f3n.<\/p>\n<p>Gracias por cada hora de esfuerzo, por cada detalle cuidadosamente preparado, por vuestra generosidad, por vuestra dedicaci\u00f3n incansable y por creer que un futuro mejor es posible.<\/p>\n<p>Pero, sobre todo, gracias por no perder nunca de vista lo verdaderamente importante: las personas y las familias. Detr\u00e1s de cada enfermedad rara hay una historia de vida, una madre, un padre, un ni\u00f1o, una joven, un abuelo\u2026 personas que necesitan sentirse acompa\u00f1adas, escuchadas y defendidas.<\/p>\n<p>Este congreso nos deja mucho m\u00e1s que conocimiento, alianzas y proyectos de futuro. Nos deja esperanza, amistad, confianza y la certeza de que, cuando caminamos unidos, somos capaces de transformar realidades.<\/p>\n<p>Sigamos avanzando con la misma humildad, con la misma pasi\u00f3n y con el mismo compromiso. Porque mientras exista una sola persona o una sola familia que nos necesite, tendremos un motivo para seguir trabajando.<\/p>\n<p>Que nadie se sienta nunca solo. Ese seguir\u00e1 siendo el mayor compromiso de ALIBER, de FUNHEPA y de todas las organizaciones que forman esta gran familia iberoamericana.<\/p>\n<p>Gracias por hacerlo posible. Gracias por demostrar que, unidos, llegamos mucho m\u00e1s.<\/p>\n<p><img fetchpriority=\"high\" decoding=\"async\" class=\"aligncenter wp-image-11281 size-full\" src=\"https:\/\/aliber.org\/web\/wp-content\/uploads\/2026\/07\/WhatsApp-Image-2026-07-22-at-4.25.24-PM.jpeg\" alt=\"\" width=\"1600\" height=\"690\" srcset=\"https:\/\/aliber.org\/web\/wp-content\/uploads\/2026\/07\/WhatsApp-Image-2026-07-22-at-4.25.24-PM.jpeg 1600w, https:\/\/aliber.org\/web\/wp-content\/uploads\/2026\/07\/WhatsApp-Image-2026-07-22-at-4.25.24-PM-300x129.jpeg 300w, https:\/\/aliber.org\/web\/wp-content\/uploads\/2026\/07\/WhatsApp-Image-2026-07-22-at-4.25.24-PM-1024x442.jpeg 1024w, https:\/\/aliber.org\/web\/wp-content\/uploads\/2026\/07\/WhatsApp-Image-2026-07-22-at-4.25.24-PM-768x331.jpeg 768w, https:\/\/aliber.org\/web\/wp-content\/uploads\/2026\/07\/WhatsApp-Image-2026-07-22-at-4.25.24-PM-1536x662.jpeg 1536w\" sizes=\"(max-width: 1600px) 100vw, 1600px\" \/><\/p>\n<p>&nbsp;<\/p>\n<p><img decoding=\"async\" class=\"aligncenter wp-image-11280 size-full\" src=\"https:\/\/aliber.org\/web\/wp-content\/uploads\/2026\/07\/WhatsApp-Image-2026-07-22-at-4.25.24-PM-2.jpeg\" alt=\"\" width=\"960\" height=\"665\" srcset=\"https:\/\/aliber.org\/web\/wp-content\/uploads\/2026\/07\/WhatsApp-Image-2026-07-22-at-4.25.24-PM-2.jpeg 960w, https:\/\/aliber.org\/web\/wp-content\/uploads\/2026\/07\/WhatsApp-Image-2026-07-22-at-4.25.24-PM-2-300x208.jpeg 300w, https:\/\/aliber.org\/web\/wp-content\/uploads\/2026\/07\/WhatsApp-Image-2026-07-22-at-4.25.24-PM-2-768x532.jpeg 768w\" sizes=\"(max-width: 960px) 100vw, 960px\" \/><\/p>\n<p>&nbsp;<\/p>\n","protected":false},"excerpt":{"rendered":"<p>Hay momentos que trascienden cualquier balance de resultados. Momentos que recuerdan por qu\u00e9 merece la pena seguir luchando. Lo vivido estos d\u00edas en Tegucigalpa ha sido uno de ellos. Desde ALIBER queremos expresar nuestro m\u00e1s profundo agradecimiento a FUNHEPA, a su extraordinario equipo humano, y a todas las personas, instituciones, profesionales, voluntarios y organizaciones que<a href=\"https:\/\/aliber.org\/web\/2026\/07\/23\/funhepa-y-aliber-demuestran-que-la-union-transforma-realidades-gracias-por-hacer-posible-un-antes-y-un-despues-para-las-enfermedades-raras-iberoamerica-y-honduras\/\">[&#8230;]<\/a><\/p>\n","protected":false},"author":1,"featured_media":11281,"comment_status":"closed","ping_status":"closed","sticky":false,"template":"","format":"standard","meta":{"_exactmetrics_skip_tracking":false,"footnotes":""},"categories":[2,8,3,138],"tags":[],"class_list":["post-11279","post","type-post","status-publish","format-standard","has-post-thumbnail","hentry","category-aliber","category-encuentros","category-eventos","category-noticias"],"_links":{"self":[{"href":"https:\/\/aliber.org\/web\/wp-json\/wp\/v2\/posts\/11279","targetHints":{"allow":["GET"]}}],"collection":[{"href":"https:\/\/aliber.org\/web\/wp-json\/wp\/v2\/posts"}],"about":[{"href":"https:\/\/aliber.org\/web\/wp-json\/wp\/v2\/types\/post"}],"author":[{"embeddable":true,"href":"https:\/\/aliber.org\/web\/wp-json\/wp\/v2\/users\/1"}],"replies":[{"embeddable":true,"href":"https:\/\/aliber.org\/web\/wp-json\/wp\/v2\/comments?post=11279"}],"version-history":[{"count":2,"href":"https:\/\/aliber.org\/web\/wp-json\/wp\/v2\/posts\/11279\/revisions"}],"predecessor-version":[{"id":11283,"href":"https:\/\/aliber.org\/web\/wp-json\/wp\/v2\/posts\/11279\/revisions\/11283"}],"wp:featuredmedia":[{"embeddable":true,"href":"https:\/\/aliber.org\/web\/wp-json\/wp\/v2\/media\/11281"}],"wp:attachment":[{"href":"https:\/\/aliber.org\/web\/wp-json\/wp\/v2\/media?parent=11279"}],"wp:term":[{"taxonomy":"category","embeddable":true,"href":"https:\/\/aliber.org\/web\/wp-json\/wp\/v2\/categories?post=11279"},{"taxonomy":"post_tag","embeddable":true,"href":"https:\/\/aliber.org\/web\/wp-json\/wp\/v2\/tags?post=11279"}],"curies":[{"name":"wp","href":"https:\/\/api.w.org\/{rel}","templated":true}]}}