{"id":11303,"date":"2026-08-14T20:59:39","date_gmt":"2026-08-14T18:59:39","guid":{"rendered":"https:\/\/aliber.org\/web\/?p=11303"},"modified":"2026-09-03T21:05:18","modified_gmt":"2026-09-03T19:05:18","slug":"convenio-aliber-sante-pour-les-maladies-vulnerables-au-togo","status":"publish","type":"post","link":"https:\/\/aliber.org\/web\/2026\/08\/14\/convenio-aliber-sante-pour-les-maladies-vulnerables-au-togo\/","title":{"rendered":"Convenio ALIBER &#8211; Sant\u00e9 pour les Maladies Vuln\u00e9rables au Togo"},"content":{"rendered":"<p>En acto de genuina colaboraci\u00f3n por las enfermedades raras que trasciende ya los l\u00edmites iberoamericanos, miembros de ALIBER en cabeza de Juan Carri\u00f3n Tudela, su Presidente, se reunieron con Dossaby Somabey, fundador y representante de la Asociaci\u00f3n Sant\u00e9 pour les Maladies Vuln\u00e9rables au Togo.<\/p>\n<p>Esta entidad busc\u00f3 tener una conexi\u00f3n con ALIBER para brindar soporte a la investigaci\u00f3n y recursos de personas con enfermedades raras y condiciones vulnerables en su pa\u00eds; entre las necesidades expuestas en la reuni\u00f3n estuvieron el reforzar soluciones para escuelas, informaci\u00f3n a profesionales, adaptaciones a tratamientos y apoyar a los pacientes y familias con enfermedades raras desde el marco de la defensa de los derechos humanos.<\/p>\n<p>Juan Carri\u00f3n expresa la importancia de que desde la Alianza se contribuya con las diferentes l\u00edneas de necesidad en Togo y propone consolidar un convenio colaborativo entre ambas organizaciones donde se enmarquen acciones investigativas que conecten ambas regiones.<\/p>\n<p>A\u00f1ade que es importante trasladar la contextualizaci\u00f3n latinoamericana sobre enfermedades raras, en aras de que conozcan las l\u00edneas de trabajo de ALIBER y viabilizar un proyecto de co-autor\u00eda entre organizaciones a futuro.<\/p>\n<p>Enhorabuena por esta nueva Alianza que sin duda traer\u00e1 grandes beneficios para la poblaci\u00f3n de Togo de la mano de la basta experiencia de ALIBER en este \u00e1mbito.<\/p>\n<p>&nbsp;<\/p>\n<p><img fetchpriority=\"high\" decoding=\"async\" class=\"aligncenter wp-image-11304 size-full\" src=\"https:\/\/aliber.org\/web\/wp-content\/uploads\/2026\/09\/2026-08-06-Reunion-entidad-Togo-1.png\" alt=\"\" width=\"1920\" height=\"726\" srcset=\"https:\/\/aliber.org\/web\/wp-content\/uploads\/2026\/09\/2026-08-06-Reunion-entidad-Togo-1.png 1920w, https:\/\/aliber.org\/web\/wp-content\/uploads\/2026\/09\/2026-08-06-Reunion-entidad-Togo-1-300x113.png 300w, https:\/\/aliber.org\/web\/wp-content\/uploads\/2026\/09\/2026-08-06-Reunion-entidad-Togo-1-1024x387.png 1024w, https:\/\/aliber.org\/web\/wp-content\/uploads\/2026\/09\/2026-08-06-Reunion-entidad-Togo-1-768x290.png 768w, https:\/\/aliber.org\/web\/wp-content\/uploads\/2026\/09\/2026-08-06-Reunion-entidad-Togo-1-1536x581.png 1536w\" sizes=\"(max-width: 1920px) 100vw, 1920px\" \/><\/p>\n","protected":false},"excerpt":{"rendered":"<p>En acto de genuina colaboraci\u00f3n por las enfermedades raras que trasciende ya los l\u00edmites iberoamericanos, miembros de ALIBER en cabeza de Juan Carri\u00f3n Tudela, su Presidente, se reunieron con Dossaby Somabey, fundador y representante de la Asociaci\u00f3n Sant\u00e9 pour les Maladies Vuln\u00e9rables au Togo. Esta entidad busc\u00f3 tener una conexi\u00f3n con ALIBER para brindar soporte<a href=\"https:\/\/aliber.org\/web\/2026\/08\/14\/convenio-aliber-sante-pour-les-maladies-vulnerables-au-togo\/\">[&#8230;]<\/a><\/p>\n","protected":false},"author":1,"featured_media":11304,"comment_status":"closed","ping_status":"closed","sticky":false,"template":"","format":"standard","meta":{"_exactmetrics_skip_tracking":false,"footnotes":""},"categories":[2,138],"tags":[],"class_list":["post-11303","post","type-post","status-publish","format-standard","has-post-thumbnail","hentry","category-aliber","category-noticias"],"_links":{"self":[{"href":"https:\/\/aliber.org\/web\/wp-json\/wp\/v2\/posts\/11303","targetHints":{"allow":["GET"]}}],"collection":[{"href":"https:\/\/aliber.org\/web\/wp-json\/wp\/v2\/posts"}],"about":[{"href":"https:\/\/aliber.org\/web\/wp-json\/wp\/v2\/types\/post"}],"author":[{"embeddable":true,"href":"https:\/\/aliber.org\/web\/wp-json\/wp\/v2\/users\/1"}],"replies":[{"embeddable":true,"href":"https:\/\/aliber.org\/web\/wp-json\/wp\/v2\/comments?post=11303"}],"version-history":[{"count":1,"href":"https:\/\/aliber.org\/web\/wp-json\/wp\/v2\/posts\/11303\/revisions"}],"predecessor-version":[{"id":11305,"href":"https:\/\/aliber.org\/web\/wp-json\/wp\/v2\/posts\/11303\/revisions\/11305"}],"wp:featuredmedia":[{"embeddable":true,"href":"https:\/\/aliber.org\/web\/wp-json\/wp\/v2\/media\/11304"}],"wp:attachment":[{"href":"https:\/\/aliber.org\/web\/wp-json\/wp\/v2\/media?parent=11303"}],"wp:term":[{"taxonomy":"category","embeddable":true,"href":"https:\/\/aliber.org\/web\/wp-json\/wp\/v2\/categories?post=11303"},{"taxonomy":"post_tag","embeddable":true,"href":"https:\/\/aliber.org\/web\/wp-json\/wp\/v2\/tags?post=11303"}],"curies":[{"name":"wp","href":"https:\/\/api.w.org\/{rel}","templated":true}]}}