{"id":11308,"date":"2026-09-05T00:38:33","date_gmt":"2026-09-04T22:38:33","guid":{"rendered":"https:\/\/aliber.org\/web\/?p=11308"},"modified":"2026-09-05T00:42:59","modified_gmt":"2026-09-04T22:42:59","slug":"mexico-epicentro-iberoamericano-de-las-enfermedades-raras-aliber-impulsa-una-agenda-de-alto-nivel-sobre-diplomacia-politicas-publicas-y-cooperacion","status":"publish","type":"post","link":"https:\/\/aliber.org\/web\/2026\/09\/05\/mexico-epicentro-iberoamericano-de-las-enfermedades-raras-aliber-impulsa-una-agenda-de-alto-nivel-sobre-diplomacia-politicas-publicas-y-cooperacion\/","title":{"rendered":"M\u00e9xico, epicentro iberoamericano de las enfermedades raras: ALIBER impulsa una agenda de alto nivel sobre diplomacia, pol\u00edticas p\u00fablicas y cooperaci\u00f3n"},"content":{"rendered":"<p>ALIBER, la Embajada de Espa\u00f1a en M\u00e9xico, el Senado de la Rep\u00fablica de M\u00e9xico y el senador Emmanuel Reyes unen esfuerzos para avanzar en una respuesta com\u00fan a las enfermedades raras alineada con el marco de la OMS.<\/p>\n<p>La Alianza Iberoamericana de Enfermedades Raras (ALIBER) desarrollar\u00e1 los pr\u00f3ximos 29 y 30 de septiembre de 2026 una importante agenda institucional en M\u00e9xico destinada a fortalecer la cooperaci\u00f3n internacional y avanzar en pol\u00edticas p\u00fablicas que mejoren la respuesta a las personas que conviven con enfermedades raras y sus familias en Iberoam\u00e9rica.<\/p>\n<p>Bajo el t\u00edtulo \u00abEncuentro Iberoamericano de Alto Nivel sobre Enfermedades Raras: Diplomacia, pol\u00edticas p\u00fablicas y cooperaci\u00f3n en el marco de la OMS\u00bb, M\u00e9xico acoger\u00e1 dos jornadas de di\u00e1logo y trabajo con representantes institucionales, movimiento asociativo y otros actores estrat\u00e9gicos.<\/p>\n<p>El 29 de septiembre, el Centro Cultural de Espa\u00f1a en M\u00e9xico ser\u00e1 escenario de la primera jornada, centrada en diplomacia y cooperaci\u00f3n internacional. Un d\u00eda despu\u00e9s, el 30 de septiembre, el encuentro se trasladar\u00e1 al Senado de la Rep\u00fablica de M\u00e9xico, donde el eje principal ser\u00e1 pol\u00edticas p\u00fablicas y acci\u00f3n institucional.<\/p>\n<p>La iniciativa nace de la colaboraci\u00f3n entre ALIBER, la Embajada de Espa\u00f1a en M\u00e9xico, el Senado de la Rep\u00fablica de M\u00e9xico y el senador Emmanuel Reyes, generando un espacio de encuentro de alto nivel para analizar los principales retos y oportunidades que afrontan las personas con enfermedades raras en M\u00e9xico y en el conjunto de Iberoam\u00e9rica.<\/p>\n<p>La cooperaci\u00f3n internacional, las alianzas p\u00fablico-privadas y la capacidad de trasladar las necesidades de las personas y las familias a las agendas pol\u00edticas ser\u00e1n algunos de los grandes ejes de las jornadas. Todo ello en un momento especialmente relevante para reforzar una respuesta coordinada y avanzar en la implementaci\u00f3n regional de los compromisos internacionales en materia de enfermedades raras.<\/p>\n<p><strong>De M\u00e9xico a Iberoam\u00e9rica: transformar el di\u00e1logo en acci\u00f3n<\/strong><\/p>\n<p>El encuentro pretende ir m\u00e1s all\u00e1 del intercambio de experiencias. ALIBER quiere que las dos jornadas permitan transformar el di\u00e1logo institucional en propuestas concretas y nuevas oportunidades de cooperaci\u00f3n.<\/p>\n<p>Entre sus principales objetivos se encuentran generar un espacio de di\u00e1logo de alto nivel entre actores clave; fortalecer la cooperaci\u00f3n iberoamericana en enfermedades raras; identificar l\u00edneas de acci\u00f3n prioritarias alineadas con la OMS; elaborar un documento de conclusiones y recomendaciones; e impulsar futuras iniciativas conjuntas que puedan tener impacto en M\u00e9xico y en el conjunto de la regi\u00f3n.<\/p>\n<p>Para ALIBER, esta visita supone tambi\u00e9n una nueva oportunidad para situar la voz de las personas con enfermedades raras y sus familias en el centro de la toma de decisiones, promoviendo pol\u00edticas que favorezcan el diagn\u00f3stico, la atenci\u00f3n integral, el acceso equitativo a tratamientos, la investigaci\u00f3n y la inclusi\u00f3n social.<\/p>\n<p><strong>Una alianza iberoamericana para que nadie quede atr\u00e1s<\/strong><\/p>\n<p>ALIBER agradece el compromiso de todas las instituciones y entidades que hacen posible este encuentro y que comparten la voluntad de seguir construyendo puentes entre pa\u00edses, administraciones, sociedad civil y otros actores estrat\u00e9gicos.<\/p>\n<p>M\u00e9xico abre sus puertas al movimiento iberoamericano de enfermedades raras. Dos d\u00edas para dialogar, cooperar y, sobre todo, avanzar hacia compromisos capaces de transformar la realidad de millones de personas y familias.<\/p>\n<p>Porque frente a las enfermedades raras, juntos y unidos podemos construir una Iberoam\u00e9rica m\u00e1s inclusiva, equitativa y comprometida con cada persona y cada familia.<\/p>\n<p>Link de inscripci\u00f3n:<\/p>\n<p><a href=\"https:\/\/docs.google.com\/forms\/d\/e\/1FAIpQLSeU1TrnjQm5fyKNT2sFWumqQ5SyrQxTuEqFbI8iT9qZlUAs7A\/viewform?usp=send_form\">https:\/\/docs.google.com\/forms\/d\/e\/1FAIpQLSeU1TrnjQm5fyKNT2sFWumqQ5SyrQxTuEqFbI8iT9qZlUAs7A\/viewform?usp=send_form<\/a><\/p>\n<p>&nbsp;<\/p>\n<p><img fetchpriority=\"high\" decoding=\"async\" class=\"aligncenter wp-image-11309 \" src=\"https:\/\/aliber.org\/web\/wp-content\/uploads\/2026\/09\/Mexico.jpeg\" alt=\"\" width=\"742\" height=\"437\" srcset=\"https:\/\/aliber.org\/web\/wp-content\/uploads\/2026\/09\/Mexico.jpeg 1024w, https:\/\/aliber.org\/web\/wp-content\/uploads\/2026\/09\/Mexico-300x177.jpeg 300w, https:\/\/aliber.org\/web\/wp-content\/uploads\/2026\/09\/Mexico-768x453.jpeg 768w\" sizes=\"(max-width: 742px) 100vw, 742px\" \/><\/p>\n<p>&nbsp;<\/p>\n","protected":false},"excerpt":{"rendered":"<p>ALIBER, la Embajada de Espa\u00f1a en M\u00e9xico, el Senado de la Rep\u00fablica de M\u00e9xico y el senador Emmanuel Reyes unen esfuerzos para avanzar en una respuesta com\u00fan a las enfermedades raras alineada con el marco de la OMS. La Alianza Iberoamericana de Enfermedades Raras (ALIBER) desarrollar\u00e1 los pr\u00f3ximos 29 y 30 de septiembre de 2026<a href=\"https:\/\/aliber.org\/web\/2026\/09\/05\/mexico-epicentro-iberoamericano-de-las-enfermedades-raras-aliber-impulsa-una-agenda-de-alto-nivel-sobre-diplomacia-politicas-publicas-y-cooperacion\/\">[&#8230;]<\/a><\/p>\n","protected":false},"author":1,"featured_media":11309,"comment_status":"closed","ping_status":"closed","sticky":false,"template":"","format":"standard","meta":{"_exactmetrics_skip_tracking":false,"footnotes":""},"categories":[2,3,138],"tags":[],"class_list":["post-11308","post","type-post","status-publish","format-standard","has-post-thumbnail","hentry","category-aliber","category-eventos","category-noticias"],"_links":{"self":[{"href":"https:\/\/aliber.org\/web\/wp-json\/wp\/v2\/posts\/11308","targetHints":{"allow":["GET"]}}],"collection":[{"href":"https:\/\/aliber.org\/web\/wp-json\/wp\/v2\/posts"}],"about":[{"href":"https:\/\/aliber.org\/web\/wp-json\/wp\/v2\/types\/post"}],"author":[{"embeddable":true,"href":"https:\/\/aliber.org\/web\/wp-json\/wp\/v2\/users\/1"}],"replies":[{"embeddable":true,"href":"https:\/\/aliber.org\/web\/wp-json\/wp\/v2\/comments?post=11308"}],"version-history":[{"count":4,"href":"https:\/\/aliber.org\/web\/wp-json\/wp\/v2\/posts\/11308\/revisions"}],"predecessor-version":[{"id":11313,"href":"https:\/\/aliber.org\/web\/wp-json\/wp\/v2\/posts\/11308\/revisions\/11313"}],"wp:featuredmedia":[{"embeddable":true,"href":"https:\/\/aliber.org\/web\/wp-json\/wp\/v2\/media\/11309"}],"wp:attachment":[{"href":"https:\/\/aliber.org\/web\/wp-json\/wp\/v2\/media?parent=11308"}],"wp:term":[{"taxonomy":"category","embeddable":true,"href":"https:\/\/aliber.org\/web\/wp-json\/wp\/v2\/categories?post=11308"},{"taxonomy":"post_tag","embeddable":true,"href":"https:\/\/aliber.org\/web\/wp-json\/wp\/v2\/tags?post=11308"}],"curies":[{"name":"wp","href":"https:\/\/api.w.org\/{rel}","templated":true}]}}