{"id":11314,"date":"2026-09-05T00:50:56","date_gmt":"2026-09-04T22:50:56","guid":{"rendered":"https:\/\/aliber.org\/web\/?p=11314"},"modified":"2026-09-05T00:50:56","modified_gmt":"2026-09-04T22:50:56","slug":"aliber-escucha-para-transformar-la-voz-del-movimiento-asociativo-marcara-el-futuro-de-las-enfermedades-raras-en-iberoamerica","status":"publish","type":"post","link":"https:\/\/aliber.org\/web\/2026\/09\/05\/aliber-escucha-para-transformar-la-voz-del-movimiento-asociativo-marcara-el-futuro-de-las-enfermedades-raras-en-iberoamerica\/","title":{"rendered":"ALIBER escucha para transformar: la voz del movimiento asociativo marcar\u00e1 el futuro de las enfermedades raras en Iberoam\u00e9rica"},"content":{"rendered":"<p>La Alianza pone en marcha un gran Diagn\u00f3stico Participativo para conocer las necesidades, prioridades y fortalezas de sus organizaciones y construir, desde la realidad de cada pa\u00eds, su futura hoja de ruta estrat\u00e9gica.<\/p>\n<p>La Alianza Iberoamericana de Enfermedades Raras (ALIBER) pone en marcha una iniciativa estrat\u00e9gica para escuchar, conocer y transformar: el Diagn\u00f3stico Participativo de las Necesidades del Movimiento Asociativo de Enfermedades Raras en Iberoam\u00e9rica, un proceso que situar\u00e1 a sus organizaciones miembro en el centro de la definici\u00f3n de las pr\u00f3ximas l\u00edneas de acci\u00f3n de la Alianza.<\/p>\n<p>La iniciativa parte de una convicci\u00f3n fundamental: para transformar una realidad, primero hay que escuchar a quienes la viven y trabajan cada d\u00eda para cambiarla.<\/p>\n<p>Por ello, ALIBER quiere conocer de primera mano las necesidades reales de las asociaciones que acompa\u00f1an diariamente a las personas y familias que conviven con enfermedades raras y sin diagn\u00f3stico en los diferentes pa\u00edses de Iberoam\u00e9rica.<\/p>\n<p>Esta escucha permitir\u00e1 identificar necesidades, prioridades, fortalezas, dificultades y oportunidades de mejora, pero tambi\u00e9n poner en valor el enorme conocimiento y experiencia acumulados por el movimiento asociativo.<\/p>\n<p>El objetivo es convertir toda esa informaci\u00f3n en decisiones, proyectos y estrategias capaces de generar impacto, fortalecer las organizaciones y contribuir al desarrollo de pol\u00edticas p\u00fablicas m\u00e1s justas y equitativas.<\/p>\n<p><strong>Escuchar a cada organizaci\u00f3n para construir una estrategia com\u00fan<\/strong><\/p>\n<p>El diagn\u00f3stico permitir\u00e1 analizar la realidad de las enfermedades raras en los distintos pa\u00edses representados en ALIBER y conocer las principales barreras que encuentran las organizaciones para desarrollar su labor.<\/p>\n<p>Se abordar\u00e1n cuestiones esenciales como el acceso al diagn\u00f3stico y a los tratamientos, la atenci\u00f3n sanitaria y social, la educaci\u00f3n, el empleo, la inclusi\u00f3n y la protecci\u00f3n social, junto con las necesidades de formaci\u00f3n y profesionalizaci\u00f3n de responsables asociativos, profesionales y voluntariado.<\/p>\n<p>El proceso permitir\u00e1, adem\u00e1s, identificar experiencias de \u00e9xito y buenas pr\u00e1cticas que puedan transferirse entre pa\u00edses, favoreciendo que el conocimiento generado por una organizaci\u00f3n pueda convertirse en una oportunidad para muchas otras.<\/p>\n<p>Tambi\u00e9n se analizar\u00e1n nuevas posibilidades de cooperaci\u00f3n con administraciones p\u00fablicas, organismos internacionales, universidades, centros de investigaci\u00f3n, sociedades cient\u00edficas y empresas, reforzando la capacidad de ALIBER para generar alianzas y proyectos de dimensi\u00f3n iberoamericana.<\/p>\n<p><strong>De la escucha a la acci\u00f3n<\/strong><\/p>\n<p>ALIBER desarrollar\u00e1 el diagn\u00f3stico mediante una metodolog\u00eda basada en la participaci\u00f3n y la escucha activa. Se contemplan entrevistas semiestructuradas con representantes de las organizaciones, encuestas, grupos focales por \u00e1reas geogr\u00e1ficas, espacios virtuales de participaci\u00f3n y recopilaci\u00f3n de buenas pr\u00e1cticas.<\/p>\n<p>De esta manera, cada organizaci\u00f3n tendr\u00e1 la oportunidad de aportar su visi\u00f3n y contribuir directamente a la construcci\u00f3n de una hoja de ruta compartida.<\/p>\n<p>Los resultados permitir\u00e1n elaborar un mapa iberoamericano de necesidades y prioridades del movimiento asociativo, que servir\u00e1 como una de las bases para orientar el futuro Plan Estrat\u00e9gico de ALIBER.<\/p>\n<p>Una hoja de ruta construida desde las organizaciones<\/p>\n<p>Con este proceso, ALIBER pretende alcanzar resultados concretos:<\/p>\n<p>* Disponer de un diagn\u00f3stico actualizado del movimiento asociativo iberoamericano.<br \/>\n* Identificar necesidades comunes y espec\u00edficas de los diferentes pa\u00edses.<br \/>\n* Definir las principales prioridades estrat\u00e9gicas de la Alianza.<br \/>\n* Crear un banco iberoamericano de buenas pr\u00e1cticas.<br \/>\n* Detectar oportunidades de cooperaci\u00f3n internacional, t\u00e9cnica, cient\u00edfica e institucional.<br \/>\n* Identificar necesidades de formaci\u00f3n y fortalecimiento de las organizaciones.<br \/>\n* Dise\u00f1ar proyectos internacionales adaptados a las necesidades detectadas.<br \/>\n* Fortalecer la comunicaci\u00f3n, el intercambio de conocimiento y el trabajo en red.<br \/>\n* Reforzar la incidencia pol\u00edtica regional y la capacidad de interlocuci\u00f3n del movimiento asociativo.<\/p>\n<p><strong>M\u00e1s de 700 organizaciones, una voz iberoamericana<\/strong><\/p>\n<p>El verdadero valor de ALIBER reside en sus organizaciones y en las personas que, desde cada territorio, trabajan para mejorar la vida de quienes conviven con una enfermedad rara o todav\u00eda buscan un diagn\u00f3stico.<\/p>\n<p>Por ello, este diagn\u00f3stico no pretende ser \u00fanicamente un estudio sobre el movimiento asociativo, sino un proceso construido con el propio movimiento asociativo.<\/p>\n<p>ALIBER agradece especialmente la implicaci\u00f3n de todas sus entidades miembro, verdadero motor de la Alianza y raz\u00f3n de ser de su trabajo.<\/p>\n<p>Escuchar para conocer. Conocer para decidir. Decidir para transformar.<\/p>\n<p>Porque cuando las organizaciones comparten sus necesidades, conocimiento y experiencia, Iberoam\u00e9rica puede convertir cientos de voces en una sola fuerza capaz de transformar la realidad de las enfermedades raras.<\/p>\n<p><img fetchpriority=\"high\" decoding=\"async\" class=\"aligncenter wp-image-11315 \" src=\"https:\/\/aliber.org\/web\/wp-content\/uploads\/2026\/09\/Captura-de-pantalla-2026-09-04-174921.png\" alt=\"\" width=\"625\" height=\"406\" srcset=\"https:\/\/aliber.org\/web\/wp-content\/uploads\/2026\/09\/Captura-de-pantalla-2026-09-04-174921.png 903w, https:\/\/aliber.org\/web\/wp-content\/uploads\/2026\/09\/Captura-de-pantalla-2026-09-04-174921-300x195.png 300w, https:\/\/aliber.org\/web\/wp-content\/uploads\/2026\/09\/Captura-de-pantalla-2026-09-04-174921-768x499.png 768w\" sizes=\"(max-width: 625px) 100vw, 625px\" \/><\/p>\n","protected":false},"excerpt":{"rendered":"<p>La Alianza pone en marcha un gran Diagn\u00f3stico Participativo para conocer las necesidades, prioridades y fortalezas de sus organizaciones y construir, desde la realidad de cada pa\u00eds, su futura hoja de ruta estrat\u00e9gica. La Alianza Iberoamericana de Enfermedades Raras (ALIBER) pone en marcha una iniciativa estrat\u00e9gica para escuchar, conocer y transformar: el Diagn\u00f3stico Participativo de<a href=\"https:\/\/aliber.org\/web\/2026\/09\/05\/aliber-escucha-para-transformar-la-voz-del-movimiento-asociativo-marcara-el-futuro-de-las-enfermedades-raras-en-iberoamerica\/\">[&#8230;]<\/a><\/p>\n","protected":false},"author":1,"featured_media":11315,"comment_status":"closed","ping_status":"closed","sticky":false,"template":"","format":"standard","meta":{"_exactmetrics_skip_tracking":false,"footnotes":""},"categories":[2,138,7],"tags":[],"class_list":["post-11314","post","type-post","status-publish","format-standard","has-post-thumbnail","hentry","category-aliber","category-noticias","category-socios"],"_links":{"self":[{"href":"https:\/\/aliber.org\/web\/wp-json\/wp\/v2\/posts\/11314","targetHints":{"allow":["GET"]}}],"collection":[{"href":"https:\/\/aliber.org\/web\/wp-json\/wp\/v2\/posts"}],"about":[{"href":"https:\/\/aliber.org\/web\/wp-json\/wp\/v2\/types\/post"}],"author":[{"embeddable":true,"href":"https:\/\/aliber.org\/web\/wp-json\/wp\/v2\/users\/1"}],"replies":[{"embeddable":true,"href":"https:\/\/aliber.org\/web\/wp-json\/wp\/v2\/comments?post=11314"}],"version-history":[{"count":1,"href":"https:\/\/aliber.org\/web\/wp-json\/wp\/v2\/posts\/11314\/revisions"}],"predecessor-version":[{"id":11316,"href":"https:\/\/aliber.org\/web\/wp-json\/wp\/v2\/posts\/11314\/revisions\/11316"}],"wp:featuredmedia":[{"embeddable":true,"href":"https:\/\/aliber.org\/web\/wp-json\/wp\/v2\/media\/11315"}],"wp:attachment":[{"href":"https:\/\/aliber.org\/web\/wp-json\/wp\/v2\/media?parent=11314"}],"wp:term":[{"taxonomy":"category","embeddable":true,"href":"https:\/\/aliber.org\/web\/wp-json\/wp\/v2\/categories?post=11314"},{"taxonomy":"post_tag","embeddable":true,"href":"https:\/\/aliber.org\/web\/wp-json\/wp\/v2\/tags?post=11314"}],"curies":[{"name":"wp","href":"https:\/\/api.w.org\/{rel}","templated":true}]}}