{"id":11317,"date":"2026-09-05T01:31:31","date_gmt":"2026-09-04T23:31:31","guid":{"rendered":"https:\/\/aliber.org\/web\/?p=11317"},"modified":"2026-09-05T01:33:21","modified_gmt":"2026-09-04T23:33:21","slug":"aliber-impulsa-una-agenda-iberoamericana-2030-para-transformar-las-politicas-publicas-en-enfermedades-raras","status":"publish","type":"post","link":"https:\/\/aliber.org\/web\/2026\/09\/05\/aliber-impulsa-una-agenda-iberoamericana-2030-para-transformar-las-politicas-publicas-en-enfermedades-raras\/","title":{"rendered":"ALIBER impulsa una Agenda Iberoamericana 2030 para transformar las pol\u00edticas p\u00fablicas en enfermedades raras"},"content":{"rendered":"<p>La Alianza crear\u00e1 el primer Banco Regional de Buenas Pr\u00e1cticas para convertir la experiencia de los pa\u00edses iberoamericanos en conocimiento compartido, cooperaci\u00f3n y soluciones transferibles que mejoren la vida de las personas con enfermedades raras y sin diagn\u00f3stico.<\/p>\n<p>La Alianza Iberoamericana de Enfermedades Raras (ALIBER) da un nuevo paso en su estrategia de cooperaci\u00f3n regional con el impulso de dos iniciativas llamadas a fortalecer la respuesta p\u00fablica frente a las enfermedades raras: la Agenda Iberoamericana de Pol\u00edticas P\u00fablicas en Enfermedades Raras 2030 y el Primer Banco Regional de Buenas Pr\u00e1cticas.<\/p>\n<p>El objetivo es ambicioso: convertir experiencias que hoy se desarrollan de manera aislada en distintos pa\u00edses en conocimiento compartido, \u00fatil y transferible para la acci\u00f3n p\u00fablica.<\/p>\n<p>Las enfermedades raras representan un \u00e1mbito en el que la cooperaci\u00f3n internacional resulta especialmente necesaria. Los pa\u00edses comparten desaf\u00edos similares: poblaciones afectadas reducidas y geogr\u00e1ficamente dispersas, dificultades para alcanzar un diagn\u00f3stico, desigualdades en el acceso a la atenci\u00f3n y los tratamientos y una concentraci\u00f3n de los recursos y del conocimiento especializado.<\/p>\n<p>Ante esta realidad, compartir lo que funciona puede acelerar los avances y evitar que cada pa\u00eds tenga que comenzar desde cero.<\/p>\n<p><strong>De las experiencias nacionales a una respuesta iberoamericana<\/strong><\/p>\n<p>En los \u00faltimos a\u00f1os, diferentes pa\u00edses de Iberoam\u00e9rica han impulsado avances en materia de legislaci\u00f3n, planes y estrategias nacionales, registros de pacientes, programas de diagn\u00f3stico, redes asistenciales, investigaci\u00f3n, acceso a tratamientos y mecanismos de participaci\u00f3n de pacientes y organizaciones sociales.<\/p>\n<p>Sin embargo, gran parte de estas experiencias todav\u00eda no se encuentran suficientemente sistematizadas, comparadas o compartidas de manera que puedan ser conocidas, adaptadas y aprovechadas por otros pa\u00edses.<\/p>\n<p>ALIBER quiere contribuir a superar esta brecha mediante la creaci\u00f3n de un espacio regional capaz de identificar, analizar y transferir buenas pr\u00e1cticas, generando herramientas que puedan servir de apoyo a administraciones p\u00fablicas, organizaciones de pacientes y otros agentes implicados en la toma de decisiones.<\/p>\n<p><strong>Un primer Banco Regional de Buenas Pr\u00e1cticas<\/strong><\/p>\n<p>El Primer Banco Regional de Buenas Pr\u00e1cticas en Enfermedades Raras permitir\u00e1 identificar y sistematizar experiencias de \u00e9xito desarrolladas en los pa\u00edses iberoamericanos, tanto por las organizaciones que integran ALIBER como por administraciones e instituciones relevantes.<\/p>\n<p>No se tratar\u00e1 \u00fanicamente de recopilar iniciativas, sino de analizar qu\u00e9 funciona, por qu\u00e9 funciona y en qu\u00e9 condiciones podr\u00eda ser transferido o adaptado a otros territorios.<\/p>\n<p>Esta mirada comparada permitir\u00e1 conocer avances, detectar brechas y poner a disposici\u00f3n de la regi\u00f3n soluciones y modelos que hayan demostrado resultados positivos.<\/p>\n<p>De esta forma, una buena pr\u00e1ctica desarrollada en un pa\u00eds podr\u00e1 convertirse en conocimiento \u00fatil para toda Iberoam\u00e9rica.<\/p>\n<p><strong>Una Agenda Iberoamericana con horizonte 2030<\/strong><\/p>\n<p>Paralelamente, ALIBER trabajar\u00e1 en la construcci\u00f3n de la Agenda Iberoamericana de Pol\u00edticas P\u00fablicas en Enfermedades Raras 2030, concebida como un marco compartido para identificar prioridades, promover consensos y orientar futuras pol\u00edticas e iniciativas de cooperaci\u00f3n.<\/p>\n<p>La Agenda prestar\u00e1 especial atenci\u00f3n a \u00e1mbitos fundamentales como el diagn\u00f3stico oportuno, la atenci\u00f3n integral sanitaria y social, el acceso equitativo a medicamentos y tratamientos, la investigaci\u00f3n y la innovaci\u00f3n, la formaci\u00f3n de profesionales, los sistemas de informaci\u00f3n y registros, la coordinaci\u00f3n de los sistemas de salud y la participaci\u00f3n efectiva de las personas con enfermedades raras y sus organizaciones.<\/p>\n<p>A partir del an\u00e1lisis de las diferentes realidades nacionales, se pretende formular recomendaciones concretas, viables y adaptables a los distintos contextos de Iberoam\u00e9rica.<\/p>\n<p><strong>Cooperar para avanzar m\u00e1s r\u00e1pido y llegar m\u00e1s lejos<\/strong><\/p>\n<p>Con esta iniciativa, ALIBER busca:<\/p>\n<p>* Fortalecer la cooperaci\u00f3n horizontal entre los pa\u00edses iberoamericanos.<br \/>\n* Facilitar el intercambio estructurado de experiencias y conocimiento.<br \/>\n* Impulsar nuevas f\u00f3rmulas de cooperaci\u00f3n t\u00e9cnica.<br \/>\n* Identificar y difundir buenas pr\u00e1cticas replicables y transferibles.<br \/>\n* Generar herramientas pr\u00e1cticas que apoyen la toma de decisiones p\u00fablicas.<br \/>\n* Identificar brechas, desaf\u00edos y oportunidades comunes.<br \/>\n* Construir consensos regionales sobre las prioridades en enfermedades raras.<br \/>\n* Consolidar redes iberoamericanas de conocimiento.<br \/>\n* Reforzar la colaboraci\u00f3n entre movimiento asociativo, administraciones, instituciones sanitarias, comunidad cient\u00edfica y otros agentes estrat\u00e9gicos.<\/p>\n<p><strong>El conocimiento compartido tambi\u00e9n transforma vidas<\/strong><\/p>\n<p>La apuesta de ALIBER parte de un principio sencillo: Iberoam\u00e9rica no necesita afrontar los mismos retos 22 veces de manera aislada cuando puede compartir conocimiento, aprender de sus avances y construir soluciones conjuntamente.<\/p>\n<p>La Agenda Iberoamericana de Pol\u00edticas P\u00fablicas en Enfermedades Raras 2030 y el Primer Banco Regional de Buenas Pr\u00e1cticas aspiran, por ello, a convertirse en instrumentos al servicio de los pa\u00edses y del movimiento asociativo para acelerar avances y favorecer respuestas p\u00fablicas m\u00e1s coordinadas, equitativas y centradas en las personas.<\/p>\n<p>Porque cuando un pa\u00eds avanza, su experiencia puede ayudar a avanzar a toda una regi\u00f3n.<\/p>\n<p>ALIBER contin\u00faa as\u00ed fortaleciendo su papel como espacio de encuentro, conocimiento y cooperaci\u00f3n, trabajando para que las buenas pr\u00e1cticas no conozcan fronteras y para que ninguna persona con una enfermedad rara o sin diagn\u00f3stico quede atr\u00e1s en Iberoam\u00e9rica.<\/p>\n<p>&nbsp;<\/p>\n<p><img fetchpriority=\"high\" decoding=\"async\" class=\"aligncenter wp-image-11319 \" src=\"https:\/\/aliber.org\/web\/wp-content\/uploads\/2026\/09\/Captura-de-pantalla-2026-09-04-182822.jpg\" alt=\"\" width=\"783\" height=\"717\" srcset=\"https:\/\/aliber.org\/web\/wp-content\/uploads\/2026\/09\/Captura-de-pantalla-2026-09-04-182822.jpg 872w, https:\/\/aliber.org\/web\/wp-content\/uploads\/2026\/09\/Captura-de-pantalla-2026-09-04-182822-300x275.jpg 300w, https:\/\/aliber.org\/web\/wp-content\/uploads\/2026\/09\/Captura-de-pantalla-2026-09-04-182822-768x704.jpg 768w\" sizes=\"(max-width: 783px) 100vw, 783px\" \/><\/p>\n","protected":false},"excerpt":{"rendered":"<p>La Alianza crear\u00e1 el primer Banco Regional de Buenas Pr\u00e1cticas para convertir la experiencia de los pa\u00edses iberoamericanos en conocimiento compartido, cooperaci\u00f3n y soluciones transferibles que mejoren la vida de las personas con enfermedades raras y sin diagn\u00f3stico. La Alianza Iberoamericana de Enfermedades Raras (ALIBER) da un nuevo paso en su estrategia de cooperaci\u00f3n regional<a href=\"https:\/\/aliber.org\/web\/2026\/09\/05\/aliber-impulsa-una-agenda-iberoamericana-2030-para-transformar-las-politicas-publicas-en-enfermedades-raras\/\">[&#8230;]<\/a><\/p>\n","protected":false},"author":1,"featured_media":11319,"comment_status":"closed","ping_status":"closed","sticky":false,"template":"","format":"standard","meta":{"_exactmetrics_skip_tracking":false,"footnotes":""},"categories":[2,138,7],"tags":[],"class_list":["post-11317","post","type-post","status-publish","format-standard","has-post-thumbnail","hentry","category-aliber","category-noticias","category-socios"],"_links":{"self":[{"href":"https:\/\/aliber.org\/web\/wp-json\/wp\/v2\/posts\/11317","targetHints":{"allow":["GET"]}}],"collection":[{"href":"https:\/\/aliber.org\/web\/wp-json\/wp\/v2\/posts"}],"about":[{"href":"https:\/\/aliber.org\/web\/wp-json\/wp\/v2\/types\/post"}],"author":[{"embeddable":true,"href":"https:\/\/aliber.org\/web\/wp-json\/wp\/v2\/users\/1"}],"replies":[{"embeddable":true,"href":"https:\/\/aliber.org\/web\/wp-json\/wp\/v2\/comments?post=11317"}],"version-history":[{"count":3,"href":"https:\/\/aliber.org\/web\/wp-json\/wp\/v2\/posts\/11317\/revisions"}],"predecessor-version":[{"id":11321,"href":"https:\/\/aliber.org\/web\/wp-json\/wp\/v2\/posts\/11317\/revisions\/11321"}],"wp:featuredmedia":[{"embeddable":true,"href":"https:\/\/aliber.org\/web\/wp-json\/wp\/v2\/media\/11319"}],"wp:attachment":[{"href":"https:\/\/aliber.org\/web\/wp-json\/wp\/v2\/media?parent=11317"}],"wp:term":[{"taxonomy":"category","embeddable":true,"href":"https:\/\/aliber.org\/web\/wp-json\/wp\/v2\/categories?post=11317"},{"taxonomy":"post_tag","embeddable":true,"href":"https:\/\/aliber.org\/web\/wp-json\/wp\/v2\/tags?post=11317"}],"curies":[{"name":"wp","href":"https:\/\/api.w.org\/{rel}","templated":true}]}}