{"id":1596,"date":"2016-12-12T13:37:00","date_gmt":"2016-12-12T12:37:00","guid":{"rendered":"https:\/\/aliber.org\/web\/2016\/12\/12\/la-asoc-cultural-lp-acerca-a-los-mas-pequenos-a-papa-noel\/"},"modified":"2016-12-12T13:37:00","modified_gmt":"2016-12-12T12:37:00","slug":"la-asoc-cultural-lp-acerca-a-los-mas-pequenos-a-papa-noel","status":"publish","type":"post","link":"https:\/\/aliber.org\/web\/2016\/12\/12\/la-asoc-cultural-lp-acerca-a-los-mas-pequenos-a-papa-noel\/","title":{"rendered":"La Asoc. Cultural LP acerca a los m\u00e1s peque\u00f1os a Papa Noel"},"content":{"rendered":"<p>\u00a0La Asociaci\u00f3n Cultural LP nos acercar\u00e1 esta Navidad un poquito m\u00e1s a Pap\u00e1 Noel. Con el objetivo de recaudar fondos para las familias con una enfermedad rara impulsan el proyecto \u201cPapa Noel on-line\u201d gracias al cual muchos ni\u00f1os y ni\u00f1as podr\u00e1n tener una videoconferencia con Papa Noel.<\/p>\n<p>&#013;<\/p>\n<p>El 12 de diciembre, la Asociaci\u00f3n LP present\u00f3 en Segovia el proyecto<span style=\"font-size: 11.97px;font-style: normal;font-weight: normal\">\u00a0en colaboraci\u00f3n con Caja Rural. L<\/span>a Sede de Caja Viva Caja Rural de Segovia acogi\u00f3 la presentaci\u00f3n del mismo con la presencia de Mar\u00eda de Pablos, coordinadora de zona de FEDER en Castilla y Le\u00f3n, quien\u00a0ha se\u00f1alado que todo lo recaudado a trav\u00e9s de papanoel.online ir\u00e1 destinado a la investigaci\u00f3n de las enfermedades raras, con el fin de dar un diagn\u00f3stico sobre las mismas.<\/p>\n<p>&#013;<br \/>\nSource: FEDER<\/p>\n","protected":false},"excerpt":{"rendered":"<p>\u00a0La Asociaci\u00f3n Cultural LP nos acercar\u00e1 esta Navidad un poquito m\u00e1s a Pap\u00e1 Noel. Con el objetivo de recaudar fondos para las familias con una enfermedad rara impulsan el proyecto<a href=\"https:\/\/aliber.org\/web\/2016\/12\/12\/la-asoc-cultural-lp-acerca-a-los-mas-pequenos-a-papa-noel\/\">[&#8230;]<\/a><\/p>\n","protected":false},"author":2,"featured_media":0,"comment_status":"false","ping_status":"closed","sticky":false,"template":"","format":"standard","meta":{"_exactmetrics_skip_tracking":false,"_exactmetrics_sitenote_active":false,"_exactmetrics_sitenote_note":"","_exactmetrics_sitenote_category":0,"footnotes":""},"categories":[7],"tags":[24],"class_list":["post-1596","post","type-post","status-publish","format-standard","hentry","category-socios","tag-enfermedades-raras"],"_links":{"self":[{"href":"https:\/\/aliber.org\/web\/wp-json\/wp\/v2\/posts\/1596","targetHints":{"allow":["GET"]}}],"collection":[{"href":"https:\/\/aliber.org\/web\/wp-json\/wp\/v2\/posts"}],"about":[{"href":"https:\/\/aliber.org\/web\/wp-json\/wp\/v2\/types\/post"}],"author":[{"embeddable":true,"href":"https:\/\/aliber.org\/web\/wp-json\/wp\/v2\/users\/2"}],"replies":[{"embeddable":true,"href":"https:\/\/aliber.org\/web\/wp-json\/wp\/v2\/comments?post=1596"}],"version-history":[{"count":0,"href":"https:\/\/aliber.org\/web\/wp-json\/wp\/v2\/posts\/1596\/revisions"}],"wp:attachment":[{"href":"https:\/\/aliber.org\/web\/wp-json\/wp\/v2\/media?parent=1596"}],"wp:term":[{"taxonomy":"category","embeddable":true,"href":"https:\/\/aliber.org\/web\/wp-json\/wp\/v2\/categories?post=1596"},{"taxonomy":"post_tag","embeddable":true,"href":"https:\/\/aliber.org\/web\/wp-json\/wp\/v2\/tags?post=1596"}],"curies":[{"name":"wp","href":"https:\/\/api.w.org\/{rel}","templated":true}]}}