{"id":1838,"date":"2017-02-01T10:07:05","date_gmt":"2017-02-01T09:07:05","guid":{"rendered":"https:\/\/aliber.org\/web\/2017\/02\/01\/grupo-humano-renueva-su-colaboracion-con-feder\/"},"modified":"2017-02-01T10:07:05","modified_gmt":"2017-02-01T09:07:05","slug":"grupo-humano-renueva-su-colaboracion-con-feder","status":"publish","type":"post","link":"https:\/\/aliber.org\/web\/2017\/02\/01\/grupo-humano-renueva-su-colaboracion-con-feder\/","title":{"rendered":"Grupo Humano renueva su colaboraci\u00f3n con FEDER"},"content":{"rendered":"<p>La empresa de telemarketing \u201cGrupo Humano\u201d contin\u00faa demostrando su implicaci\u00f3n con las enfermedades raras al renovar su colaboraci\u00f3n anual con FEDER y la Delegaci\u00f3n de Murcia.<\/p>\n<p>&#013;<\/p>\n<p>Gracias a la ayuda de la empresa Grupo Humano, la Delegaci\u00f3n murciana puede disponer desde hace dos a\u00f1os de un local donde ofrecer sus servicios de atenci\u00f3n directa a aquellas personas que conviven con enfermedades poco frecuentes.<\/p>\n<p>&#013;<br \/>\nSource: FEDER<\/p>\n","protected":false},"excerpt":{"rendered":"<p>La empresa de telemarketing \u201cGrupo Humano\u201d contin\u00faa demostrando su implicaci\u00f3n con las enfermedades raras al renovar su colaboraci\u00f3n anual con FEDER y la Delegaci\u00f3n de Murcia. &#013; Gracias a la<a href=\"https:\/\/aliber.org\/web\/2017\/02\/01\/grupo-humano-renueva-su-colaboracion-con-feder\/\">[&#8230;]<\/a><\/p>\n","protected":false},"author":2,"featured_media":0,"comment_status":"false","ping_status":"closed","sticky":false,"template":"","format":"standard","meta":{"_exactmetrics_skip_tracking":false,"_exactmetrics_sitenote_active":false,"_exactmetrics_sitenote_note":"","_exactmetrics_sitenote_category":0,"footnotes":""},"categories":[7],"tags":[24],"class_list":["post-1838","post","type-post","status-publish","format-standard","hentry","category-socios","tag-enfermedades-raras"],"_links":{"self":[{"href":"https:\/\/aliber.org\/web\/wp-json\/wp\/v2\/posts\/1838","targetHints":{"allow":["GET"]}}],"collection":[{"href":"https:\/\/aliber.org\/web\/wp-json\/wp\/v2\/posts"}],"about":[{"href":"https:\/\/aliber.org\/web\/wp-json\/wp\/v2\/types\/post"}],"author":[{"embeddable":true,"href":"https:\/\/aliber.org\/web\/wp-json\/wp\/v2\/users\/2"}],"replies":[{"embeddable":true,"href":"https:\/\/aliber.org\/web\/wp-json\/wp\/v2\/comments?post=1838"}],"version-history":[{"count":0,"href":"https:\/\/aliber.org\/web\/wp-json\/wp\/v2\/posts\/1838\/revisions"}],"wp:attachment":[{"href":"https:\/\/aliber.org\/web\/wp-json\/wp\/v2\/media?parent=1838"}],"wp:term":[{"taxonomy":"category","embeddable":true,"href":"https:\/\/aliber.org\/web\/wp-json\/wp\/v2\/categories?post=1838"},{"taxonomy":"post_tag","embeddable":true,"href":"https:\/\/aliber.org\/web\/wp-json\/wp\/v2\/tags?post=1838"}],"curies":[{"name":"wp","href":"https:\/\/api.w.org\/{rel}","templated":true}]}}