{"id":1839,"date":"2017-02-01T09:38:34","date_gmt":"2017-02-01T08:38:34","guid":{"rendered":"https:\/\/aliber.org\/web\/2017\/02\/01\/nuevo-cafe-encuentro-en-extremadura-participa\/"},"modified":"2017-02-01T09:38:34","modified_gmt":"2017-02-01T08:38:34","slug":"nuevo-cafe-encuentro-en-extremadura-participa","status":"publish","type":"post","link":"https:\/\/aliber.org\/web\/2017\/02\/01\/nuevo-cafe-encuentro-en-extremadura-participa\/","title":{"rendered":"Nuevo Caf\u00e9-encuentro en Extremadura, \u00a1participa!"},"content":{"rendered":"<p>\u00a0<\/p>\n<p>&#013;<\/p>\n<p>El 1 de febrero, la Delegaci\u00f3n extreme\u00f1a de FEDER celebra un nuevo Caf\u00e9-encuentro a las 17h con el objetivo de concretar las actividades que se llevar\u00e1n a cabo con motivo del D\u00eda Mundial de las Enfermedades Raras.<\/p>\n<p>Bajo el lema \u201cY yo, \u00bfqu\u00e9 puedo hacer?\u201d la Delegaci\u00f3n de Extremadura organiza este encuentro con la finalidad de informar a todos aquellos que quieran colaborar como voluntarios en las actividades del D\u00eda Mundial desarrolladas en la regi\u00f3n el pr\u00f3ximo 28 de febrero.\u00a0Entre otras muchas actividades, podr\u00e9is colaborar participando en las mesas informativas instaladas en los hospitales y centros de salud de la zona.<\/p>\n<p>&#013;<br \/>\nSource: FEDER<\/p>\n","protected":false},"excerpt":{"rendered":"<p>\u00a0 &#013; El 1 de febrero, la Delegaci\u00f3n extreme\u00f1a de FEDER celebra un nuevo Caf\u00e9-encuentro a las 17h con el objetivo de concretar las actividades que se llevar\u00e1n a cabo<a href=\"https:\/\/aliber.org\/web\/2017\/02\/01\/nuevo-cafe-encuentro-en-extremadura-participa\/\">[&#8230;]<\/a><\/p>\n","protected":false},"author":2,"featured_media":0,"comment_status":"false","ping_status":"closed","sticky":false,"template":"","format":"standard","meta":{"_exactmetrics_skip_tracking":false,"_exactmetrics_sitenote_active":false,"_exactmetrics_sitenote_note":"","_exactmetrics_sitenote_category":0,"footnotes":""},"categories":[7],"tags":[24],"class_list":["post-1839","post","type-post","status-publish","format-standard","hentry","category-socios","tag-enfermedades-raras"],"_links":{"self":[{"href":"https:\/\/aliber.org\/web\/wp-json\/wp\/v2\/posts\/1839","targetHints":{"allow":["GET"]}}],"collection":[{"href":"https:\/\/aliber.org\/web\/wp-json\/wp\/v2\/posts"}],"about":[{"href":"https:\/\/aliber.org\/web\/wp-json\/wp\/v2\/types\/post"}],"author":[{"embeddable":true,"href":"https:\/\/aliber.org\/web\/wp-json\/wp\/v2\/users\/2"}],"replies":[{"embeddable":true,"href":"https:\/\/aliber.org\/web\/wp-json\/wp\/v2\/comments?post=1839"}],"version-history":[{"count":0,"href":"https:\/\/aliber.org\/web\/wp-json\/wp\/v2\/posts\/1839\/revisions"}],"wp:attachment":[{"href":"https:\/\/aliber.org\/web\/wp-json\/wp\/v2\/media?parent=1839"}],"wp:term":[{"taxonomy":"category","embeddable":true,"href":"https:\/\/aliber.org\/web\/wp-json\/wp\/v2\/categories?post=1839"},{"taxonomy":"post_tag","embeddable":true,"href":"https:\/\/aliber.org\/web\/wp-json\/wp\/v2\/tags?post=1839"}],"curies":[{"name":"wp","href":"https:\/\/api.w.org\/{rel}","templated":true}]}}