{"id":1841,"date":"2017-02-01T11:30:28","date_gmt":"2017-02-01T10:30:28","guid":{"rendered":"https:\/\/aliber.org\/web\/2017\/02\/01\/instituto-unidos-pela-vida-reunira-associacoes-de-fibrose-cistica-de-todo-o-brasil\/"},"modified":"2017-02-01T11:30:28","modified_gmt":"2017-02-01T10:30:28","slug":"instituto-unidos-pela-vida-reunira-associacoes-de-fibrose-cistica-de-todo-o-brasil","status":"publish","type":"post","link":"https:\/\/aliber.org\/web\/2017\/02\/01\/instituto-unidos-pela-vida-reunira-associacoes-de-fibrose-cistica-de-todo-o-brasil\/","title":{"rendered":"Instituto Unidos pela Vida reunir\u00e1 Associa\u00e7\u00f5es de Fibrose C\u00edstica de todo o Brasil"},"content":{"rendered":"<p>O Instituto Unidos pela Vida est\u00e1 organizando o I Encontro Nacional de Desenvolvimento de Associa\u00e7\u00f5es de Fibrose C\u00edstica, que ser\u00e1 destinado a\u00a0presidentes ou representantes das\u00a0associa\u00e7\u00f5es que hoje trabalham de forma ativa com a Fibrose C\u00edstica no Brasil. O evento acontecer\u00e1 em Curitiba, entre os dias 08 e 11 de Mar\u00e7o de 2017, no audit\u00f3rio do [\u2026]\n<p>O post <a rel=\"nofollow\" href=\"http:\/\/unidospelavida.org.br\/instituto-unidos-pela-vida-realiza-projeto-para-desenvolvimento-das-associacoes\/\">Instituto Unidos pela Vida reunir\u00e1 Associa\u00e7\u00f5es de Fibrose C\u00edstica de todo o Brasil<\/a> apareceu primeiro em <a rel=\"nofollow\" href=\"http:\/\/unidospelavida.org.br\">Unidos pela Vida<\/a>.<\/p>\n<p>&#013;<br \/>\nSource: Unidos pela Vida<\/p>\n","protected":false},"excerpt":{"rendered":"<p>O Instituto Unidos pela Vida est\u00e1 organizando o I Encontro Nacional de Desenvolvimento de Associa\u00e7\u00f5es de Fibrose C\u00edstica, que ser\u00e1 destinado a\u00a0presidentes ou representantes das\u00a0associa\u00e7\u00f5es que hoje trabalham de forma<a href=\"https:\/\/aliber.org\/web\/2017\/02\/01\/instituto-unidos-pela-vida-reunira-associacoes-de-fibrose-cistica-de-todo-o-brasil\/\">[&#8230;]<\/a><\/p>\n","protected":false},"author":2,"featured_media":0,"comment_status":"false","ping_status":"closed","sticky":false,"template":"","format":"standard","meta":{"_exactmetrics_skip_tracking":false,"_exactmetrics_sitenote_active":false,"_exactmetrics_sitenote_note":"","_exactmetrics_sitenote_category":0,"footnotes":""},"categories":[7],"tags":[24],"class_list":["post-1841","post","type-post","status-publish","format-standard","hentry","category-socios","tag-enfermedades-raras"],"_links":{"self":[{"href":"https:\/\/aliber.org\/web\/wp-json\/wp\/v2\/posts\/1841","targetHints":{"allow":["GET"]}}],"collection":[{"href":"https:\/\/aliber.org\/web\/wp-json\/wp\/v2\/posts"}],"about":[{"href":"https:\/\/aliber.org\/web\/wp-json\/wp\/v2\/types\/post"}],"author":[{"embeddable":true,"href":"https:\/\/aliber.org\/web\/wp-json\/wp\/v2\/users\/2"}],"replies":[{"embeddable":true,"href":"https:\/\/aliber.org\/web\/wp-json\/wp\/v2\/comments?post=1841"}],"version-history":[{"count":0,"href":"https:\/\/aliber.org\/web\/wp-json\/wp\/v2\/posts\/1841\/revisions"}],"wp:attachment":[{"href":"https:\/\/aliber.org\/web\/wp-json\/wp\/v2\/media?parent=1841"}],"wp:term":[{"taxonomy":"category","embeddable":true,"href":"https:\/\/aliber.org\/web\/wp-json\/wp\/v2\/categories?post=1841"},{"taxonomy":"post_tag","embeddable":true,"href":"https:\/\/aliber.org\/web\/wp-json\/wp\/v2\/tags?post=1841"}],"curies":[{"name":"wp","href":"https:\/\/api.w.org\/{rel}","templated":true}]}}