{"id":2382,"date":"2017-06-05T09:42:59","date_gmt":"2017-06-05T07:42:59","guid":{"rendered":"https:\/\/aliber.org\/web\/?p=2382"},"modified":"2017-06-05T09:42:59","modified_gmt":"2017-06-05T07:42:59","slug":"aliber-estuvo-presente-en-la-iii-reunion-anual-de-socios-de-rdi","status":"publish","type":"post","link":"https:\/\/aliber.org\/web\/2017\/06\/05\/aliber-estuvo-presente-en-la-iii-reunion-anual-de-socios-de-rdi\/","title":{"rendered":"ALIBER estuvo presente en la III Reuni\u00f3n Anual de socios de RDI"},"content":{"rendered":"<div id=\"attachment_2383\" style=\"width: 310px\" class=\"wp-caption aligncenter\"><img fetchpriority=\"high\" decoding=\"async\" aria-describedby=\"caption-attachment-2383\" class=\"size-medium wp-image-2383\" src=\"https:\/\/aliber.org\/web\/wp-content\/uploads\/2017\/06\/Juan-Alfredo-y-RDI-president-300x225.jpg\" alt=\"\" width=\"300\" height=\"225\" \/><p id=\"caption-attachment-2383\" class=\"wp-caption-text\">Juan Carri\u00f3n y Alfredo Toledo con la Presidente de RDI<\/p><\/div>\n<p>La 3era Reuni\u00f3n\u00a0Anual de la <em>Rare Diseases International<\/em> (RDI), se llev\u00f3 a cabo el pasado domingo 4 de junio, en Barcelona (Espa\u00f1a). En el evento redes de trabajo representadas por organizaciones de pacientes provenientes de todas partes del mundo compartieron experiencias sobre los desarrollos recientes en derechos del paciente.<\/p>\n<p>La actividad\u00a0cont\u00f3 con una nutrida representaci\u00f3n de la Alianza Iberoamericana de Enfermedades Raras (ALIBER), personificada por\u00a0Juan Carri\u00f3n, Presidente (FEDER-Espa\u00f1a), In\u00e9s Castellano Vice Presidente segunda\u00a0(FADEPOF-Argentina), \u00a0Alfredo Toledo (ATUERU-Uruguay) Secretario, y las vocales Regina Garc\u00eda Pr\u00f3spero (Instituto Vidas Raras-Brasil) y Luz Victoria Salazar (ACOPEL-Colombia). Tambi\u00e9n particip\u00f3 Migdalia Denis, Presidente de nuestra organizaci\u00f3n socia en EE.UU., la Sociedad Latina de Hipertensi\u00f3n Pulmonar. El evento fue transmitido en vivo a trav\u00e9s de las redes sociales de RDI, y puede verse<a href=\"https:\/\/www.pscp.tv\/rarediseasesint\/1BRJjWyXajexw?t=14s\"> aqu\u00ed<\/a>.<\/p>\n<p>En esta 3era Reuni\u00f3n Anual de la RDI se eligi\u00f3 la Junta Directiva en la que nuestro Secretario, Alfredo Toledo, repite como representante de ALIBER.<\/p>\n<div id=\"attachment_2384\" style=\"width: 310px\" class=\"wp-caption aligncenter\"><img decoding=\"async\" aria-describedby=\"caption-attachment-2384\" class=\"size-medium wp-image-2384\" src=\"https:\/\/aliber.org\/web\/wp-content\/uploads\/2017\/06\/foto-de-familia-300x169.jpg\" alt=\"\" width=\"300\" height=\"169\" \/><p id=\"caption-attachment-2384\" class=\"wp-caption-text\">Foto de Familia del 3era Reuni\u00f3n Anual de la RDI<\/p><\/div>\n","protected":false},"excerpt":{"rendered":"<p>La 3era Reuni\u00f3n\u00a0Anual de la Rare Diseases International (RDI), se llev\u00f3 a cabo el pasado domingo 4 de junio, en Barcelona (Espa\u00f1a). En el evento redes de trabajo representadas por organizaciones de pacientes provenientes de todas partes del mundo compartieron experiencias sobre los desarrollos recientes en derechos del paciente. La actividad\u00a0cont\u00f3 con una nutrida representaci\u00f3n<a href=\"https:\/\/aliber.org\/web\/2017\/06\/05\/aliber-estuvo-presente-en-la-iii-reunion-anual-de-socios-de-rdi\/\">[&#8230;]<\/a><\/p>\n","protected":false},"author":2,"featured_media":2383,"comment_status":"closed","ping_status":"closed","sticky":false,"template":"","format":"standard","meta":{"_exactmetrics_skip_tracking":false,"footnotes":""},"categories":[3],"tags":[77,129,130],"class_list":["post-2382","post","type-post","status-publish","format-standard","has-post-thumbnail","hentry","category-eventos","tag-atueru","tag-rdi-aliber-feder-fadepof-acopel-instituto-vidas-raras","tag-slhp"],"_links":{"self":[{"href":"https:\/\/aliber.org\/web\/wp-json\/wp\/v2\/posts\/2382","targetHints":{"allow":["GET"]}}],"collection":[{"href":"https:\/\/aliber.org\/web\/wp-json\/wp\/v2\/posts"}],"about":[{"href":"https:\/\/aliber.org\/web\/wp-json\/wp\/v2\/types\/post"}],"author":[{"embeddable":true,"href":"https:\/\/aliber.org\/web\/wp-json\/wp\/v2\/users\/2"}],"replies":[{"embeddable":true,"href":"https:\/\/aliber.org\/web\/wp-json\/wp\/v2\/comments?post=2382"}],"version-history":[{"count":0,"href":"https:\/\/aliber.org\/web\/wp-json\/wp\/v2\/posts\/2382\/revisions"}],"wp:attachment":[{"href":"https:\/\/aliber.org\/web\/wp-json\/wp\/v2\/media?parent=2382"}],"wp:term":[{"taxonomy":"category","embeddable":true,"href":"https:\/\/aliber.org\/web\/wp-json\/wp\/v2\/categories?post=2382"},{"taxonomy":"post_tag","embeddable":true,"href":"https:\/\/aliber.org\/web\/wp-json\/wp\/v2\/tags?post=2382"}],"curies":[{"name":"wp","href":"https:\/\/api.w.org\/{rel}","templated":true}]}}