{"id":3073,"date":"2017-11-16T08:34:45","date_gmt":"2017-11-16T07:34:45","guid":{"rendered":"https:\/\/aliber.org\/web\/2017\/11\/16\/el-consejero-de-sanidad-vasco-acude-a-un-ciclo-de-asedef\/"},"modified":"2017-11-16T08:34:45","modified_gmt":"2017-11-16T07:34:45","slug":"el-consejero-de-sanidad-vasco-acude-a-un-ciclo-de-asedef","status":"publish","type":"post","link":"https:\/\/aliber.org\/web\/2017\/11\/16\/el-consejero-de-sanidad-vasco-acude-a-un-ciclo-de-asedef\/","title":{"rendered":"El Consejero de Sanidad Vasco acude a un ciclo de ASEDEF"},"content":{"rendered":"<p>La <a href=\"http:\/\/asedef.org\/\">Asociaci\u00f3n Espa\u00f1ola de Derecho Farmac\u00e9utico<\/a> (ASEDEF) organiza, el 20 de noviembre, el ciclo \u201cNUESTRA CONTRIBUCI\u00d3N AL PACTO DE ESTADO POR LA SANIDAD\u201d, para abordar la necesidad del Pacto desde Perspectiva de la Consejer\u00eda de Salud del Gobierno Vasco. En este sentido, el Consejero de Sanidad de esta Comunidad Aut\u00f3noma, Jon Darp\u00f3n Sierra, estar\u00e1 presente en esta jornada.<\/p>\n<p>&#013;<\/p>\n<p>El asunto ser\u00e1 abordado desde la visi\u00f3n de los agentes de inter\u00e9s: Senado, consejer\u00eda de Sanidad, consejer\u00eda de Hacienda, industria farmac\u00e9utica, farmacia, pacientes, medios de comunicaci\u00f3n, y perspectiva pol\u00edtica y del Gobierno. Adem\u00e1s, se fomentar\u00e1 el debate entre los ponentes y los asistentes.<\/p>\n<p>&#013;<\/p>\n<p>Informaci\u00f3n de inter\u00e9s: el encuentro tendr\u00e1 lugar en la Real Academia Nacional de Farmacia y comenzar\u00e1 a las 19:00 horas.<\/p>\n<p>&#013;<\/p>\n<p>\u00daltima actualizaci\u00f3n: 16 de noviembre de 2017.<\/p>\n<p>&#013;<br \/>\nSource: FEDER<\/p>\n","protected":false},"excerpt":{"rendered":"<p>La Asociaci\u00f3n Espa\u00f1ola de Derecho Farmac\u00e9utico (ASEDEF) organiza, el 20 de noviembre, el ciclo \u201cNUESTRA CONTRIBUCI\u00d3N AL PACTO DE ESTADO POR LA SANIDAD\u201d, para abordar la necesidad del Pacto desde<a href=\"https:\/\/aliber.org\/web\/2017\/11\/16\/el-consejero-de-sanidad-vasco-acude-a-un-ciclo-de-asedef\/\">[&#8230;]<\/a><\/p>\n","protected":false},"author":2,"featured_media":0,"comment_status":"false","ping_status":"closed","sticky":false,"template":"","format":"standard","meta":{"_exactmetrics_skip_tracking":false,"_exactmetrics_sitenote_active":false,"_exactmetrics_sitenote_note":"","_exactmetrics_sitenote_category":0,"footnotes":""},"categories":[7],"tags":[24],"class_list":["post-3073","post","type-post","status-publish","format-standard","hentry","category-socios","tag-enfermedades-raras"],"_links":{"self":[{"href":"https:\/\/aliber.org\/web\/wp-json\/wp\/v2\/posts\/3073","targetHints":{"allow":["GET"]}}],"collection":[{"href":"https:\/\/aliber.org\/web\/wp-json\/wp\/v2\/posts"}],"about":[{"href":"https:\/\/aliber.org\/web\/wp-json\/wp\/v2\/types\/post"}],"author":[{"embeddable":true,"href":"https:\/\/aliber.org\/web\/wp-json\/wp\/v2\/users\/2"}],"replies":[{"embeddable":true,"href":"https:\/\/aliber.org\/web\/wp-json\/wp\/v2\/comments?post=3073"}],"version-history":[{"count":0,"href":"https:\/\/aliber.org\/web\/wp-json\/wp\/v2\/posts\/3073\/revisions"}],"wp:attachment":[{"href":"https:\/\/aliber.org\/web\/wp-json\/wp\/v2\/media?parent=3073"}],"wp:term":[{"taxonomy":"category","embeddable":true,"href":"https:\/\/aliber.org\/web\/wp-json\/wp\/v2\/categories?post=3073"},{"taxonomy":"post_tag","embeddable":true,"href":"https:\/\/aliber.org\/web\/wp-json\/wp\/v2\/tags?post=3073"}],"curies":[{"name":"wp","href":"https:\/\/api.w.org\/{rel}","templated":true}]}}