{"id":3096,"date":"2017-11-23T12:44:13","date_gmt":"2017-11-23T11:44:13","guid":{"rendered":"https:\/\/aliber.org\/web\/2017\/11\/23\/no-te-pierdas-el-estreno-de-la-pelicula-unrest-en-espana\/"},"modified":"2017-11-23T12:44:13","modified_gmt":"2017-11-23T11:44:13","slug":"no-te-pierdas-el-estreno-de-la-pelicula-unrest-en-espana","status":"publish","type":"post","link":"https:\/\/aliber.org\/web\/2017\/11\/23\/no-te-pierdas-el-estreno-de-la-pelicula-unrest-en-espana\/","title":{"rendered":"\u00a1No te pierdas el estreno de la pel\u00edcula UNREST en Espa\u00f1a!"},"content":{"rendered":"<p>El 29 de noviembre tendr\u00e1 lugar el estreno de la pel\u00edcula <a href=\"https:\/\/www.unrest.film\/\" target=\"_blank\" rel=\"noopener\">UNREST<\/a> en Espa\u00f1a. En concreto, la cita se celebrar\u00e1 en La Casa Encendida de Madrid a las 18:30 horas.\u00a0La <a href=\"http:\/\/confederacion-fm-sfc.es\/\" target=\"_blank\" rel=\"noopener\">Confederaci\u00f3n Nacional de SSC<\/a> promueve una gira de proyecciones a nivel nacional. Esta gira se inaugura en Madrid, organizada por <a href=\"http:\/\/www.sfcsqm.com\/\" target=\"_blank\" rel=\"noopener\">SFC-SQM Madrid<\/a> y <a href=\"http:\/\/www.afibrom.org\/\" target=\"_blank\" rel=\"noopener\">AFIBROM<\/a>.<\/p>\n<p>&#013;<\/p>\n<p>La pel\u00edcula, premiada en el Festival Sundance entre otros, y que adem\u00e1s es uno de los 170 documentales pre-clasificados para los Oscar, 2018, cuenta la historia en primera persona de una paciente de Encefalomielitis Mi\u00e1lgica (S\u00edndrome de Fatiga Cr\u00f3nica), Jennifer Brea, directora adem\u00e1s de la pel\u00edcula, y creadora del movimiento <a href=\"https:\/\/millionsmissing.meaction.net\/\" target=\"_blank\" rel=\"noopener\">#MillionsMissing<\/a>, de alcance mundial.<\/p>\n<p>&#013;<\/p>\n<p>La presentaci\u00f3n se llevar\u00e1 a cabo por Luisa Fernanda Panadero, Presidenta de Afibrom, que dar\u00e1 paso a unas palabras que Jennifer Brea ha grabado para los espectadores de su documental en Espa\u00f1a.<\/p>\n<p>&#013;<\/p>\n<p>Despu\u00e9s de la proyecci\u00f3n comenzar\u00e1 un coloquio en el que participar\u00e1n Mar\u00eda L\u00f3pez Matallana (Presidenta de SFC-SQM Madrid, Vicepresidenta de la Confederaci\u00f3n Nacional de SSC y afectada), la Dra. Ana M\u00aa Garc\u00eda Quintana (m\u00e9dico experta en SFCem) y V\u00edctor Claud\u00edn (periodista y escritor; autor, entre otros, del libro: Fibromialgia, la verdad desnuda).<\/p>\n<p>&#013;<\/p>\n<p>SE \u00a0RUEGA \u00a0CONFIRMAR \u00a0ASISTENCIA PARA RESERVAR ASIENTO: <a href=\"mailto:sfcsqmmadrid@gmail.com\">sfcsqmmadrid@gmail.com<\/a> \u00a0\u00f3 \u00a0 <a href=\"mailto:tecnicomadrid.confessc@gmail.com\">tecnicomadrid.confessc@gmail.com<\/a><\/p>\n<p>&#013;<\/p>\n<p>\u00daltima actualizaci\u00f3n: 23 de noviembre de 2017.<\/p>\n<p>&#013;<\/p>\n<p>\u00a0<\/p>\n<p>&#013;<br \/>\nSource: FEDER<\/p>\n","protected":false},"excerpt":{"rendered":"<p>El 29 de noviembre tendr\u00e1 lugar el estreno de la pel\u00edcula UNREST en Espa\u00f1a. En concreto, la cita se celebrar\u00e1 en La Casa Encendida de Madrid a las 18:30 horas.\u00a0La<a href=\"https:\/\/aliber.org\/web\/2017\/11\/23\/no-te-pierdas-el-estreno-de-la-pelicula-unrest-en-espana\/\">[&#8230;]<\/a><\/p>\n","protected":false},"author":2,"featured_media":0,"comment_status":"false","ping_status":"closed","sticky":false,"template":"","format":"standard","meta":{"_exactmetrics_skip_tracking":false,"_exactmetrics_sitenote_active":false,"_exactmetrics_sitenote_note":"","_exactmetrics_sitenote_category":0,"footnotes":""},"categories":[7],"tags":[24],"class_list":["post-3096","post","type-post","status-publish","format-standard","hentry","category-socios","tag-enfermedades-raras"],"_links":{"self":[{"href":"https:\/\/aliber.org\/web\/wp-json\/wp\/v2\/posts\/3096","targetHints":{"allow":["GET"]}}],"collection":[{"href":"https:\/\/aliber.org\/web\/wp-json\/wp\/v2\/posts"}],"about":[{"href":"https:\/\/aliber.org\/web\/wp-json\/wp\/v2\/types\/post"}],"author":[{"embeddable":true,"href":"https:\/\/aliber.org\/web\/wp-json\/wp\/v2\/users\/2"}],"replies":[{"embeddable":true,"href":"https:\/\/aliber.org\/web\/wp-json\/wp\/v2\/comments?post=3096"}],"version-history":[{"count":0,"href":"https:\/\/aliber.org\/web\/wp-json\/wp\/v2\/posts\/3096\/revisions"}],"wp:attachment":[{"href":"https:\/\/aliber.org\/web\/wp-json\/wp\/v2\/media?parent=3096"}],"wp:term":[{"taxonomy":"category","embeddable":true,"href":"https:\/\/aliber.org\/web\/wp-json\/wp\/v2\/categories?post=3096"},{"taxonomy":"post_tag","embeddable":true,"href":"https:\/\/aliber.org\/web\/wp-json\/wp\/v2\/tags?post=3096"}],"curies":[{"name":"wp","href":"https:\/\/api.w.org\/{rel}","templated":true}]}}