{"id":3246,"date":"2018-01-08T10:36:25","date_gmt":"2018-01-08T09:36:25","guid":{"rendered":"https:\/\/aliber.org\/web\/2018\/01\/08\/grupo-humano-consolida-su-colaboracion-con-nosotros\/"},"modified":"2018-01-08T10:36:25","modified_gmt":"2018-01-08T09:36:25","slug":"grupo-humano-consolida-su-colaboracion-con-nosotros","status":"publish","type":"post","link":"https:\/\/aliber.org\/web\/2018\/01\/08\/grupo-humano-consolida-su-colaboracion-con-nosotros\/","title":{"rendered":"\u00a1Grupo Humano consolida su colaboraci\u00f3n con nosotros!"},"content":{"rendered":"<p>&#013;\n<\/p>\n<p>La empresa de telemarketing \u201cGrupo Humano\u201d contin\u00faa demostrando su implicaci\u00f3n con las enfermedades raras al renovar su colaboraci\u00f3n anual con nuestra Federaci\u00f3n y el trabajo que llevamos a cabo en Murcia.<\/p>\n<p>&#013;<\/p>\n<p>El proyecto, impulsado por Susana Espinosa Lucas e Irene Espinosa Lucas, contribuye a mejorar la calidad de vida de las familias con enfermedades poco frecuentes mediante la venta de material de oficina.\u00a0Con ello, ademas, Grupo Humano nos ha permitido promover la sensibilizaci\u00f3n y visibilidad de las enfermedades raras y de nuestra Federaci\u00f3n a trav\u00e9s de esta iniciativa.<\/p>\n<p>&#013;<\/p>\n<p>Desde FEDER, queremos agradecer a Grupo Humano el haber renovado su colaboraci\u00f3n con las familias que conviven con enfermedades raras, porque su ayuda es fundamental para nuestro trabajo, as\u00ed como el habernos acompa\u00f1ado en los \u00faltimos a\u00f1os.<\/p>\n<p>&#013;<\/p>\n<p style=\"text-align: right\">\u00daltima actualizaci\u00f3n: 10\/01\/2018.<\/p>\n<p>&#013;<\/p>\n<p>\u00a0<\/p>\n<p>&#013;<br \/>\n&#013;<br \/>\nSource: FEDER<\/p>\n","protected":false},"excerpt":{"rendered":"<p>&#013; La empresa de telemarketing \u201cGrupo Humano\u201d contin\u00faa demostrando su implicaci\u00f3n con las enfermedades raras al renovar su colaboraci\u00f3n anual con nuestra Federaci\u00f3n y el trabajo que llevamos a cabo<a href=\"https:\/\/aliber.org\/web\/2018\/01\/08\/grupo-humano-consolida-su-colaboracion-con-nosotros\/\">[&#8230;]<\/a><\/p>\n","protected":false},"author":2,"featured_media":0,"comment_status":"false","ping_status":"closed","sticky":false,"template":"","format":"standard","meta":{"_exactmetrics_skip_tracking":false,"_exactmetrics_sitenote_active":false,"_exactmetrics_sitenote_note":"","_exactmetrics_sitenote_category":0,"footnotes":""},"categories":[7],"tags":[24],"class_list":["post-3246","post","type-post","status-publish","format-standard","hentry","category-socios","tag-enfermedades-raras"],"_links":{"self":[{"href":"https:\/\/aliber.org\/web\/wp-json\/wp\/v2\/posts\/3246","targetHints":{"allow":["GET"]}}],"collection":[{"href":"https:\/\/aliber.org\/web\/wp-json\/wp\/v2\/posts"}],"about":[{"href":"https:\/\/aliber.org\/web\/wp-json\/wp\/v2\/types\/post"}],"author":[{"embeddable":true,"href":"https:\/\/aliber.org\/web\/wp-json\/wp\/v2\/users\/2"}],"replies":[{"embeddable":true,"href":"https:\/\/aliber.org\/web\/wp-json\/wp\/v2\/comments?post=3246"}],"version-history":[{"count":0,"href":"https:\/\/aliber.org\/web\/wp-json\/wp\/v2\/posts\/3246\/revisions"}],"wp:attachment":[{"href":"https:\/\/aliber.org\/web\/wp-json\/wp\/v2\/media?parent=3246"}],"wp:term":[{"taxonomy":"category","embeddable":true,"href":"https:\/\/aliber.org\/web\/wp-json\/wp\/v2\/categories?post=3246"},{"taxonomy":"post_tag","embeddable":true,"href":"https:\/\/aliber.org\/web\/wp-json\/wp\/v2\/tags?post=3246"}],"curies":[{"name":"wp","href":"https:\/\/api.w.org\/{rel}","templated":true}]}}