{"id":3423,"date":"2018-03-02T10:20:00","date_gmt":"2018-03-02T09:20:00","guid":{"rendered":"https:\/\/aliber.org\/web\/2018\/03\/02\/la-xii-edicion-de-por-una-casa-para-todos-continua\/"},"modified":"2018-03-02T10:20:00","modified_gmt":"2018-03-02T09:20:00","slug":"la-xii-edicion-de-por-una-casa-para-todos-continua","status":"publish","type":"post","link":"https:\/\/aliber.org\/web\/2018\/03\/02\/la-xii-edicion-de-por-una-casa-para-todos-continua\/","title":{"rendered":"La XII edici\u00f3n de &quot;Por Una Casa para Todos&quot; contin\u00faa"},"content":{"rendered":"<p>\u00a0<\/p>\n<p>&#013;<\/p>\n<p>Desde <a href=\"http:\/\/diotocio.com\/\">Diotocio<\/a> y <a href=\"https:\/\/www.lacasaencendida.es\/\">La Casa Encendida<\/a> se pone en marcha la XII edici\u00f3n de Por Una Casa para Todos, un proyecto de Ocio inclusivo.<\/p>\n<p>&#013;<\/p>\n<p>Pod\u00e9is ver los talleres con los que empezamos 2018, para que pod\u00e1is apuntaros si os interesan:<\/p>\n<p>&#013;<\/p>\n<p>&#8211;<a href=\"https:\/\/www.lacasaencendida.es\/cursos\/ocio-inclusivo\/dibujo-instrumento-desarrollo-personal-8098%20\">Taller: \u201cVer, dibujar, comunicar: El dibujo como instrumento de desarrollo personal\u201d<\/a><\/p>\n<p>&#013;<\/p>\n<p>Por apuntaros desde FEDER no tendr\u00e9is que abonar nada.<\/p>\n<p>&#013;<\/p>\n<p>Las inscripciones deber\u00e9is hacerlas a trav\u00e9s de la web o directamente en la Casa Encendida poniendo en la carta de motivaci\u00f3n que vais a trav\u00e9s de nosotros (FEDER). Es un punto muy importante para que puedan detectaros correctamente.<\/p>\n<p>&#013;<\/p>\n<p>Cualquier duda pod\u00e9is contactar con Carmen Laborda, Psic\u00f3loga de nuestras oficinas en Madrid: <a href=\"mailto:psicologia-madrid@enfermedades-raras.org\">psicologia-madrid@enfermedades-raras.org<\/a> o, bien, 695503606.<\/p>\n<p>&#013;<\/p>\n<p>\u00a0<\/p>\n<p>&#013;<\/p>\n<p style=\"text-align: right\">\u00daltima actualizaci\u00f3n: 02 de marzo de 2018.<\/p>\n<p>&#013;<\/p>\n<p>\u00a0<\/p>\n<p>&#013;<br \/>\nSource: FEDER<\/p>\n","protected":false},"excerpt":{"rendered":"<p>\u00a0 &#013; Desde Diotocio y La Casa Encendida se pone en marcha la XII edici\u00f3n de Por Una Casa para Todos, un proyecto de Ocio inclusivo. &#013; Pod\u00e9is ver los<a href=\"https:\/\/aliber.org\/web\/2018\/03\/02\/la-xii-edicion-de-por-una-casa-para-todos-continua\/\">[&#8230;]<\/a><\/p>\n","protected":false},"author":2,"featured_media":0,"comment_status":"false","ping_status":"closed","sticky":false,"template":"","format":"standard","meta":{"_exactmetrics_skip_tracking":false,"_exactmetrics_sitenote_active":false,"_exactmetrics_sitenote_note":"","_exactmetrics_sitenote_category":0,"footnotes":""},"categories":[7],"tags":[24],"class_list":["post-3423","post","type-post","status-publish","format-standard","hentry","category-socios","tag-enfermedades-raras"],"_links":{"self":[{"href":"https:\/\/aliber.org\/web\/wp-json\/wp\/v2\/posts\/3423","targetHints":{"allow":["GET"]}}],"collection":[{"href":"https:\/\/aliber.org\/web\/wp-json\/wp\/v2\/posts"}],"about":[{"href":"https:\/\/aliber.org\/web\/wp-json\/wp\/v2\/types\/post"}],"author":[{"embeddable":true,"href":"https:\/\/aliber.org\/web\/wp-json\/wp\/v2\/users\/2"}],"replies":[{"embeddable":true,"href":"https:\/\/aliber.org\/web\/wp-json\/wp\/v2\/comments?post=3423"}],"version-history":[{"count":0,"href":"https:\/\/aliber.org\/web\/wp-json\/wp\/v2\/posts\/3423\/revisions"}],"wp:attachment":[{"href":"https:\/\/aliber.org\/web\/wp-json\/wp\/v2\/media?parent=3423"}],"wp:term":[{"taxonomy":"category","embeddable":true,"href":"https:\/\/aliber.org\/web\/wp-json\/wp\/v2\/categories?post=3423"},{"taxonomy":"post_tag","embeddable":true,"href":"https:\/\/aliber.org\/web\/wp-json\/wp\/v2\/tags?post=3423"}],"curies":[{"name":"wp","href":"https:\/\/api.w.org\/{rel}","templated":true}]}}