{"id":3424,"date":"2018-03-02T09:59:00","date_gmt":"2018-03-02T08:59:00","guid":{"rendered":"https:\/\/aliber.org\/web\/2018\/03\/02\/un-gesto-lleno-de-esperanza-por-el-dia-mundial-de-las-er\/"},"modified":"2018-03-02T09:59:00","modified_gmt":"2018-03-02T08:59:00","slug":"un-gesto-lleno-de-esperanza-por-el-dia-mundial-de-las-er","status":"publish","type":"post","link":"https:\/\/aliber.org\/web\/2018\/03\/02\/un-gesto-lleno-de-esperanza-por-el-dia-mundial-de-las-er\/","title":{"rendered":"\u00a1Un gesto lleno de esperanza por el D\u00eda Mundial de las ER!"},"content":{"rendered":"<p>\u00a0<\/p>\n<p>&#013;<\/p>\n<p>Los alumnos de 4\u00b0 de Eso de Cultura Cientifica del IES Ca\u00f1ada de la Encina nos hicieron llegar sus diferentes muestras de apoyo a todas las personas que conviven con una enfermedad rara y de esta forma poder sacarles una sonrisa.<\/p>\n<p>&#013;<\/p>\n<p>Durante un mes entero, los alumnos han trabajado, en parejas, para entender diferentes enfermedades raras como: ELA, acondroplasia, S\u00edndrome de Klinefelter, Tetralog\u00eda de Tallot, Autismo hereditario, S\u00edndrome de Patau, Ictiosis arlequ\u00edn, Osteog\u00e9nesis imperfecta, S\u00edndrome de Noonan, Lupus eritromatoso cut\u00e1neo, Inmunodeficiencia combinada severa, S\u00edndrome de Asperger, Corea de Huntington, Miesiamia gratis y S\u00edndrome de Angelman.<\/p>\n<p>&#013;<\/p>\n<p>Su trabajo consist\u00eda en realizar exposiciones para explicar a sus compa\u00f1eros cada una de estas enfermedades. Tras las exposiciones, junto a su maestra, Isabel S\u00e1nchez, discut\u00edan y charlaban sobre la gravedad de las enfermedades, posibles soluciones, situaci\u00f3n actual y la necesidad e importancia de la investigaci\u00f3n para mejorar la calidad de vida de los pacientes y sus familias que conviven con una ER.<\/p>\n<p>&#013;<\/p>\n<p>En el marco del D\u00eda Mundial de las Enfermedades Raras, con una emotiva foto nos han mostrado una gran solidaridad y nos han recordado que \u201cno estamos solos\u201d y que mientras m\u00e1s manos se sumen podemos concientizar a m\u00e1s personas sobre las ER.<\/p>\n<p>&#013;<\/p>\n<p>Desde FEDER, queremos decir, llenos de alegr\u00eda y esperanza, \u00a1Gracias chicas y chicos del de 4\u00b0 de Eso de Cultura Cientifica del IES Ca\u00f1ada de la Encina, por ayudarnos a situar la investigaci\u00f3n como un desaf\u00edo global para dar respuesta a los problemas m\u00e1s urgentes de las familias: la prevenci\u00f3n, el diagn\u00f3stico y el tratamiento de las enfermedades poco frecuentes, y gracias por brindar esperanza, alegr\u00eda y fuerza a trav\u00e9s de un gesto lleno de cari\u00f1o que engloba compromiso y solidaridad.<\/p>\n<p>&#013;<\/p>\n<p style=\"text-align: right\">\u00daltima actualizaci\u00f3n: 02 de marzo de 2018.\u00a0<\/p>\n<p>&#013;<\/p>\n<p>\u00a0<\/p>\n<p>&#013;<br \/>\nSource: FEDER<\/p>\n","protected":false},"excerpt":{"rendered":"<p>\u00a0 &#013; Los alumnos de 4\u00b0 de Eso de Cultura Cientifica del IES Ca\u00f1ada de la Encina nos hicieron llegar sus diferentes muestras de apoyo a todas las personas que<a href=\"https:\/\/aliber.org\/web\/2018\/03\/02\/un-gesto-lleno-de-esperanza-por-el-dia-mundial-de-las-er\/\">[&#8230;]<\/a><\/p>\n","protected":false},"author":2,"featured_media":0,"comment_status":"false","ping_status":"closed","sticky":false,"template":"","format":"standard","meta":{"_exactmetrics_skip_tracking":false,"_exactmetrics_sitenote_active":false,"_exactmetrics_sitenote_note":"","_exactmetrics_sitenote_category":0,"footnotes":""},"categories":[7],"tags":[24],"class_list":["post-3424","post","type-post","status-publish","format-standard","hentry","category-socios","tag-enfermedades-raras"],"_links":{"self":[{"href":"https:\/\/aliber.org\/web\/wp-json\/wp\/v2\/posts\/3424","targetHints":{"allow":["GET"]}}],"collection":[{"href":"https:\/\/aliber.org\/web\/wp-json\/wp\/v2\/posts"}],"about":[{"href":"https:\/\/aliber.org\/web\/wp-json\/wp\/v2\/types\/post"}],"author":[{"embeddable":true,"href":"https:\/\/aliber.org\/web\/wp-json\/wp\/v2\/users\/2"}],"replies":[{"embeddable":true,"href":"https:\/\/aliber.org\/web\/wp-json\/wp\/v2\/comments?post=3424"}],"version-history":[{"count":0,"href":"https:\/\/aliber.org\/web\/wp-json\/wp\/v2\/posts\/3424\/revisions"}],"wp:attachment":[{"href":"https:\/\/aliber.org\/web\/wp-json\/wp\/v2\/media?parent=3424"}],"wp:term":[{"taxonomy":"category","embeddable":true,"href":"https:\/\/aliber.org\/web\/wp-json\/wp\/v2\/categories?post=3424"},{"taxonomy":"post_tag","embeddable":true,"href":"https:\/\/aliber.org\/web\/wp-json\/wp\/v2\/tags?post=3424"}],"curies":[{"name":"wp","href":"https:\/\/api.w.org\/{rel}","templated":true}]}}