{"id":3571,"date":"2018-04-20T09:03:00","date_gmt":"2018-04-20T07:03:00","guid":{"rendered":"https:\/\/aliber.org\/web\/2018\/04\/20\/ponemos-en-marcha-la-11o-edicion-del-proyecto-ub-ciberfeder\/"},"modified":"2018-04-20T09:03:00","modified_gmt":"2018-04-20T07:03:00","slug":"ponemos-en-marcha-la-11o-edicion-del-proyecto-ub-ciberfeder","status":"publish","type":"post","link":"https:\/\/aliber.org\/web\/2018\/04\/20\/ponemos-en-marcha-la-11o-edicion-del-proyecto-ub-ciberfeder\/","title":{"rendered":"Ponemos en marcha la 11\u00ba edici\u00f3n del proyecto UB-CiberFEDER"},"content":{"rendered":"<p>\u00a0<\/p>\n<p>&#013;<\/p>\n<p>La Facultad de Psicolog\u00eda de la Universidad de Barcelona y FEDER ponen en marcha la 11\u00ba edici\u00f3n del proyecto UB-CiberFEDER. \u00a0El objetivo de este proyecto es proveer de grupos de apoyo a integrantes de FEDER que por su dispersi\u00f3n geogr\u00e1fica o baja frecuencia de su enfermedad, no pueden utilizar este recurso de forma presencial, para lo que ponemos a su disposici\u00f3n las nuevas tecnolog\u00edas.<\/p>\n<p>&#013;<\/p>\n<p>La conexi\u00f3n se har\u00e1 a trav\u00e9s del programa ADOBE CONNECT que servir\u00e1 de estructura virtual para desarrollar las sesiones a trav\u00e9s de C\u00c1MARA WEB. Estos grupos pretenden que entre los propios participantes se promuevan y produzcan intercambios de recursos que les permita afrontar mejor su enfermedad y estar\u00e1n dirigidos por profesionales en especializaci\u00f3n para la conducci\u00f3n de grupos.<\/p>\n<p>&#013;<\/p>\n<p>Adem\u00e1s, se crear\u00e1 un grupo de personas que como t\u00fa form\u00e1is parte de FEDER y el grupo lo formaremos un m\u00ednimo de 8 y un m\u00e1ximo de 10 personas incluidos conductores. En cuanto a los participantes se exige confidencialidad y compromiso de asistencia.<\/p>\n<p>Las sesiones se realizar\u00e1n todos los mi\u00e9rcoles desde el 23 de mayo hasta el 25 de julio, ambos inclusive; en un horario de 19:00 a 20:30 horas (hora peninsular espa\u00f1ola).<\/p>\n<p>Es importante que si te conectas desde tu domicilio puedas estar concentrado\/a en la sesi\u00f3n, y es fundamental que te reserves este espacio de tiempo para dedic\u00e1rtelo a ti y evitar interrupciones. <\/p>\n<p>Las personas interesadas pueden formar parte de estos grupos y todos juntos podremos ayudar a otras personas, y por ende, ayudarnos a nosotros mismos. Desde FEDER animamos a todas las asociaciones a hacer llegar a sus miembros esta iniciativa con la puesta en marcha del grupo UB-Ciberfeder.<\/p>\n<p>&#013;<\/p>\n<p>Pod\u00e9is inscribiros en el enlace colocado en la parte superior de esta noticia.<\/p>\n<p>&#013;<\/p>\n<p>Para m\u00e1s informaci\u00f3n, os pod\u00e9is poner en contacto con Regla M\u00aa Garci, t\u00e9cnico del Servicio de Atenci\u00f3n Psicol\u00f3gica (Telf. 932 05 60 82 \/ E-mail: psicologia <a href=\"mailto:catalunya@enfermedades-raras.org)\">catalunya@enfermedades-raras.org)<\/a>.<\/p>\n<p>&#013;<\/p>\n<p style=\"text-align: right\">\u00daltima actualizaci\u00f3n: 20 de abril de 2018.<\/p>\n<p>&#013;<\/p>\n<p>\u00a0<\/p>\n<p>&#013;<br \/>\nSource: FEDER<\/p>\n","protected":false},"excerpt":{"rendered":"<p>\u00a0 &#013; La Facultad de Psicolog\u00eda de la Universidad de Barcelona y FEDER ponen en marcha la 11\u00ba edici\u00f3n del proyecto UB-CiberFEDER. \u00a0El objetivo de este proyecto es proveer de<a href=\"https:\/\/aliber.org\/web\/2018\/04\/20\/ponemos-en-marcha-la-11o-edicion-del-proyecto-ub-ciberfeder\/\">[&#8230;]<\/a><\/p>\n","protected":false},"author":2,"featured_media":0,"comment_status":"false","ping_status":"closed","sticky":false,"template":"","format":"standard","meta":{"_exactmetrics_skip_tracking":false,"_exactmetrics_sitenote_active":false,"_exactmetrics_sitenote_note":"","_exactmetrics_sitenote_category":0,"footnotes":""},"categories":[7],"tags":[24],"class_list":["post-3571","post","type-post","status-publish","format-standard","hentry","category-socios","tag-enfermedades-raras"],"_links":{"self":[{"href":"https:\/\/aliber.org\/web\/wp-json\/wp\/v2\/posts\/3571","targetHints":{"allow":["GET"]}}],"collection":[{"href":"https:\/\/aliber.org\/web\/wp-json\/wp\/v2\/posts"}],"about":[{"href":"https:\/\/aliber.org\/web\/wp-json\/wp\/v2\/types\/post"}],"author":[{"embeddable":true,"href":"https:\/\/aliber.org\/web\/wp-json\/wp\/v2\/users\/2"}],"replies":[{"embeddable":true,"href":"https:\/\/aliber.org\/web\/wp-json\/wp\/v2\/comments?post=3571"}],"version-history":[{"count":0,"href":"https:\/\/aliber.org\/web\/wp-json\/wp\/v2\/posts\/3571\/revisions"}],"wp:attachment":[{"href":"https:\/\/aliber.org\/web\/wp-json\/wp\/v2\/media?parent=3571"}],"wp:term":[{"taxonomy":"category","embeddable":true,"href":"https:\/\/aliber.org\/web\/wp-json\/wp\/v2\/categories?post=3571"},{"taxonomy":"post_tag","embeddable":true,"href":"https:\/\/aliber.org\/web\/wp-json\/wp\/v2\/tags?post=3571"}],"curies":[{"name":"wp","href":"https:\/\/api.w.org\/{rel}","templated":true}]}}