{"id":8423,"date":"2023-11-14T19:12:41","date_gmt":"2023-11-14T18:12:41","guid":{"rendered":"https:\/\/aliber.org\/web\/?p=8423"},"modified":"2023-11-26T22:27:10","modified_gmt":"2023-11-26T21:27:10","slug":"palabras-del-dr-mario-urcuyo-solorzanoen-el-foro-de-alto-nivel-guatemala","status":"publish","type":"post","link":"https:\/\/aliber.org\/web\/2023\/11\/14\/palabras-del-dr-mario-urcuyo-solorzanoen-el-foro-de-alto-nivel-guatemala\/","title":{"rendered":"Dr. Mario Urcuyo Sol\u00f3rzano, Viceministro de Salud de Costa Rica, en el Foro de Alto Nivel-Encuentro de L\u00edderes del Movimiento Asociativo (Lanzamiento Informe Estudio ENSERio Centroam\u00e9rica)."},"content":{"rendered":"\t\t<div data-elementor-type=\"wp-post\" data-elementor-id=\"8423\" class=\"elementor elementor-8423\" data-elementor-post-type=\"post\">\n\t\t\t\t\t\t<section class=\"elementor-section elementor-top-section elementor-element elementor-element-7d92aacd elementor-section-boxed elementor-section-height-default elementor-section-height-default\" data-id=\"7d92aacd\" data-element_type=\"section\" data-e-type=\"section\">\n\t\t\t\t\t\t<div class=\"elementor-container elementor-column-gap-default\">\n\t\t\t\t\t<div class=\"elementor-column elementor-col-100 elementor-top-column elementor-element elementor-element-71d98404\" data-id=\"71d98404\" data-element_type=\"column\" data-e-type=\"column\">\n\t\t\t<div class=\"elementor-widget-wrap elementor-element-populated\">\n\t\t\t\t\t\t<div class=\"elementor-element elementor-element-6a3b1c23 elementor-widget elementor-widget-text-editor\" data-id=\"6a3b1c23\" data-element_type=\"widget\" data-e-type=\"widget\" data-widget_type=\"text-editor.default\">\n\t\t\t\t<div class=\"elementor-widget-container\">\n\t\t\t\t\t\t\t\t\t<p>Dr. Mario Urcuyo Sol\u00f3rzano<\/p><ul><li>Viceministro de Salud de Costa Rica.<\/li><li>Cuenta con un doctorado en Medicina y Cirug\u00eda y una Maestr\u00eda en Administraci\u00f3n de Servicios de Salud.<\/li><li>Se ha desempe\u00f1ado como Jefe del Servicio de Emergencias de la Cl\u00ednica Carlos Dur\u00e1n, Coordinador Nacional de C\u00e1ncer de Mama en la Gerencia M\u00e9dica de la CCSS, Asesor del Gerente<\/li><li>M\u00e9dico de la CCSS donde coordin\u00f3 el eje de Gesti\u00f3n del Modelo de Atenci\u00f3n y adem\u00e1s fue Coordinador del Equipo de la CCSS en la Sala de An\u00e1lisis de la Situaci\u00f3n Nacional por COVID-19, entre otros.<\/li><\/ul>\t\t\t\t\t\t\t\t<\/div>\n\t\t\t\t<\/div>\n\t\t\t\t\t<\/div>\n\t\t<\/div>\n\t\t\t\t\t<\/div>\n\t\t<\/section>\n\t\t\t\t<section class=\"elementor-section elementor-top-section elementor-element elementor-element-edd3c7e elementor-section-boxed elementor-section-height-default elementor-section-height-default\" data-id=\"edd3c7e\" data-element_type=\"section\" data-e-type=\"section\">\n\t\t\t\t\t\t<div class=\"elementor-container elementor-column-gap-default\">\n\t\t\t\t\t<div class=\"elementor-column elementor-col-100 elementor-top-column elementor-element elementor-element-262364e\" data-id=\"262364e\" data-element_type=\"column\" data-e-type=\"column\">\n\t\t\t<div class=\"elementor-widget-wrap elementor-element-populated\">\n\t\t\t\t\t\t<div class=\"elementor-element elementor-element-2752750 elementor-widget elementor-widget-eael-sticky-video\" data-id=\"2752750\" data-element_type=\"widget\" data-e-type=\"widget\" data-widget_type=\"eael-sticky-video.default\">\n\t\t\t\t<div class=\"elementor-widget-container\">\n\t\t\t\t\t<div class=\"eael-sticky-video-wrapper eaelsv-overlay-visibility-\"><div class=\"eael-sticky-video-player2\" data-sticky=\"yes\" data-position=\"bottom-right\" data-sheight=\"169\" data-swidth=\"300\" data-scroll_height=\"70\" data-autoplay=\"no\" data-overlay=\"no\"><video class=\"eaelsv-player\" id=\"eaelsv-player-2752750\" playsinline controls data-plyr-config=\"{&quot;autoplay&quot;:0, &quot;muted&quot;:0, &quot;loop&quot;: {&quot;active&quot;: false}}\">\n\t\t\t<source src=\"https:\/\/aliber.org\/web\/wp-content\/uploads\/2023\/11\/mario-urcuyo.mp4#t=,\" type=\"video\/mp4\" \/>\n\t\t<\/video>\n\t\t\t\t<span class=\"eaelsv-sticky-player-close\"><i class=\"fas fa-times-circle\"><\/i><\/span>\n\t\t\t<\/div>\n\t\t<\/div>\t\t\t\t<\/div>\n\t\t\t\t<\/div>\n\t\t\t\t\t<\/div>\n\t\t<\/div>\n\t\t\t\t\t<\/div>\n\t\t<\/section>\n\t\t\t\t<\/div>\n\t\t","protected":false},"excerpt":{"rendered":"<p>Dr. Mario Urcuyo Sol\u00f3rzano Viceministro de Salud de Costa Rica. Cuenta con un doctorado en Medicina y Cirug\u00eda y una Maestr\u00eda en Administraci\u00f3n de Servicios de Salud. Se ha desempe\u00f1ado<a href=\"https:\/\/aliber.org\/web\/2023\/11\/14\/palabras-del-dr-mario-urcuyo-solorzanoen-el-foro-de-alto-nivel-guatemala\/\">[&#8230;]<\/a><\/p>\n","protected":false},"author":2,"featured_media":8425,"comment_status":"closed","ping_status":"closed","sticky":false,"template":"","format":"standard","meta":{"_exactmetrics_skip_tracking":false,"_exactmetrics_sitenote_active":false,"_exactmetrics_sitenote_note":"","_exactmetrics_sitenote_category":0,"footnotes":""},"categories":[2],"tags":[],"class_list":["post-8423","post","type-post","status-publish","format-standard","has-post-thumbnail","hentry","category-aliber"],"_links":{"self":[{"href":"https:\/\/aliber.org\/web\/wp-json\/wp\/v2\/posts\/8423","targetHints":{"allow":["GET"]}}],"collection":[{"href":"https:\/\/aliber.org\/web\/wp-json\/wp\/v2\/posts"}],"about":[{"href":"https:\/\/aliber.org\/web\/wp-json\/wp\/v2\/types\/post"}],"author":[{"embeddable":true,"href":"https:\/\/aliber.org\/web\/wp-json\/wp\/v2\/users\/2"}],"replies":[{"embeddable":true,"href":"https:\/\/aliber.org\/web\/wp-json\/wp\/v2\/comments?post=8423"}],"version-history":[{"count":13,"href":"https:\/\/aliber.org\/web\/wp-json\/wp\/v2\/posts\/8423\/revisions"}],"predecessor-version":[{"id":8792,"href":"https:\/\/aliber.org\/web\/wp-json\/wp\/v2\/posts\/8423\/revisions\/8792"}],"wp:featuredmedia":[{"embeddable":true,"href":"https:\/\/aliber.org\/web\/wp-json\/wp\/v2\/media\/8425"}],"wp:attachment":[{"href":"https:\/\/aliber.org\/web\/wp-json\/wp\/v2\/media?parent=8423"}],"wp:term":[{"taxonomy":"category","embeddable":true,"href":"https:\/\/aliber.org\/web\/wp-json\/wp\/v2\/categories?post=8423"},{"taxonomy":"post_tag","embeddable":true,"href":"https:\/\/aliber.org\/web\/wp-json\/wp\/v2\/tags?post=8423"}],"curies":[{"name":"wp","href":"https:\/\/api.w.org\/{rel}","templated":true}]}}